{"id":868,"date":"2012-07-27T17:58:48","date_gmt":"2012-07-27T17:58:48","guid":{"rendered":"http:\/\/csif.umh.es\/2012\/07\/27\/castedo-pagara-el-25-de-la-extra-de-navidad-a-los-funcionarios\/"},"modified":"2012-07-27T21:55:06","modified_gmt":"2012-07-27T21:55:06","slug":"castedo-pagara-el-25-de-la-extra-de-navidad-a-los-funcionarios","status":"publish","type":"post","link":"https:\/\/csif.umh.es\/en\/2012\/07\/27\/castedo-pagara-el-25-de-la-extra-de-navidad-a-los-funcionarios\/","title":{"rendered":"Castedo pagar\u00e1 el 25% de la extra de Navidad a los funcionarios"},"content":{"rendered":"<p><\/p>\n<p><p>M. Dopazo \u00adLa alcaldesa de Alicante considera que los funcionarios tienen derecho a cobrar el 25 por ciento de la paga de Navidad y est\u00e1 dispuesta a abonarlo salvo que su decisi\u00f3n sea rechazada por la Federaci\u00f3n Espa\u00f1ola de Municipios y Provincias (FVMP), organismo al que ha pedido un dictamen.<br \/>\nSi la decisi\u00f3n dependiera s\u00f3lo de Sonia Castedo, los funcionarios ya pod\u00edan celebrar que van a recuperar, al menos, la cuarta parte, aproximadamente, de la retribuci\u00f3n extra de fin de a\u00f1o que han perdido con el decreto de Mariano Rajoy. Y es que la primera edil est\u00e1 convencida de que los empleados municipales tienen derecho a ello porque desde el 1 de junio hasta el 14 de julio han cotizado y pagado el IRPF por unos emolumentos que incluyen la paga de Navidad. Este mes y medio se corresponde a la cuarta parte de los seis meses de cotizaci\u00f3n de la paga extra. <\/p>\n<p><a href=\"https:\/\/csif.umh.es\/files\/2012\/07\/1343394743678.jpg\"><img loading=\"lazy\" src=\"https:\/\/csif.umh.es\/files\/2012\/07\/1343394743678.jpg\" alt=\"\" title=\"1343394743678\" width=\"720\" height=\"400\" class=\"alignleft size-full wp-image-866\" srcset=\"https:\/\/csif.umh.es\/files\/2012\/07\/1343394743678.jpg 720w, https:\/\/csif.umh.es\/files\/2012\/07\/1343394743678-300x166.jpg 300w\" sizes=\"(max-width: 720px) 100vw, 720px\" \/><\/a><a href=\"https:\/\/csif.umh.es\/files\/2012\/07\/13433947436781.jpg\"><img loading=\"lazy\" src=\"https:\/\/csif.umh.es\/files\/2012\/07\/13433947436781.jpg\" alt=\"\" title=\"1343394743678\" width=\"720\" height=\"400\" class=\"alignleft size-full wp-image-867\" srcset=\"https:\/\/csif.umh.es\/files\/2012\/07\/13433947436781.jpg 720w, https:\/\/csif.umh.es\/files\/2012\/07\/13433947436781-300x166.jpg 300w\" sizes=\"(max-width: 720px) 100vw, 720px\" \/><\/a><\/p>\n<\/p>\n<p><\/p>","protected":false},"excerpt":{"rendered":"<p>M. Dopazo \u00adLa alcaldesa de Alicante considera que los funcionarios tienen derecho a cobrar el 25 por ciento de la paga de Navidad y est\u00e1 dispuesta a abonarlo salvo que su decisi\u00f3n sea rechazada por la Federaci\u00f3n Espa\u00f1ola de Municipios y Provincias (FVMP), organismo al que ha pedido un dictamen.<br \/>\nSi la decisi\u00f3n dependiera s\u00f3lo de [&#8230;]<\/p>\n","protected":false},"author":165,"featured_media":0,"comment_status":"closed","ping_status":"open","sticky":false,"template":"","format":"standard","meta":{"ngg_post_thumbnail":0,"_links_to":"","_links_to_target":""},"categories":[1],"tags":[],"_links":{"self":[{"href":"https:\/\/csif.umh.es\/en\/wp-json\/wp\/v2\/posts\/868"}],"collection":[{"href":"https:\/\/csif.umh.es\/en\/wp-json\/wp\/v2\/posts"}],"about":[{"href":"https:\/\/csif.umh.es\/en\/wp-json\/wp\/v2\/types\/post"}],"author":[{"embeddable":true,"href":"https:\/\/csif.umh.es\/en\/wp-json\/wp\/v2\/users\/165"}],"replies":[{"embeddable":true,"href":"https:\/\/csif.umh.es\/en\/wp-json\/wp\/v2\/comments?post=868"}],"version-history":[{"count":0,"href":"https:\/\/csif.umh.es\/en\/wp-json\/wp\/v2\/posts\/868\/revisions"}],"wp:attachment":[{"href":"https:\/\/csif.umh.es\/en\/wp-json\/wp\/v2\/media?parent=868"}],"wp:term":[{"taxonomy":"category","embeddable":true,"href":"https:\/\/csif.umh.es\/en\/wp-json\/wp\/v2\/categories?post=868"},{"taxonomy":"post_tag","embeddable":true,"href":"https:\/\/csif.umh.es\/en\/wp-json\/wp\/v2\/tags?post=868"}],"curies":[{"name":"wp","href":"https:\/\/api.w.org\/{rel}","templated":true}]}}