{"id":849,"date":"2012-07-25T08:10:23","date_gmt":"2012-07-25T08:10:23","guid":{"rendered":"http:\/\/csif.umh.es\/2012\/07\/25\/el-sindicato-distribuye-un-modelo-de-solicitud-para-pedir-la-extra-de-navidad\/"},"modified":"2012-07-25T10:34:10","modified_gmt":"2012-07-25T10:34:10","slug":"el-sindicato-distribuye-un-modelo-de-solicitud-para-pedir-la-extra-de-navidad","status":"publish","type":"post","link":"https:\/\/csif.umh.es\/en\/2012\/07\/25\/el-sindicato-distribuye-un-modelo-de-solicitud-para-pedir-la-extra-de-navidad\/","title":{"rendered":"El sindicato distribuye un modelo de solicitud para pedir la extra de Navidad"},"content":{"rendered":"<p><\/p>\n<p><a href=\"https:\/\/csif.umh.es\/files\/2012\/07\/BLOG-DEFINITIVO-PARA-NOVEDADES211.jpg\"><img loading=\"lazy\" src=\"https:\/\/csif.umh.es\/files\/2012\/07\/BLOG-DEFINITIVO-PARA-NOVEDADES211.jpg\" alt=\"\" title=\"CSI.F\" width=\"171\" height=\"147\" class=\"alignleft size-full wp-image-848\" \/><\/a><\/p>\n<p>El sindicato CSI\u00b7F est\u00e1 distribuyendo un escrito entre los alrededor de 8.000 empleados p\u00fablicos de la administraci\u00f3n central en la provincia de Valencia para que soliciten el abono de la paga extra de Navidad. Adem\u00e1s, el sindicato ha participado en las concentraciones que han tenido lugar esta ma\u00f1ana ante las sedes de Tr\u00e1fico, Servicio P\u00fablico de Empleo y de distintos ministerios contra los recortes aprobados por el Gobierno.<\/p>\n<p>La Central Sindical Independiente y de Funcionarios (CSI\u00b7F) est\u00e1 haciendo llegar un modelo de solicitud a los trabajadores para que lo dirijan al ministro correspondiente (PUEDES DESCARGARLO DEL DOCUMENTO ADJUNTO) En este escrito recuerda que la supresi\u00f3n decretada de la paga extraordinaria \u201ccontradice lo dispuesto en la Ley 2\/2012 de 29 de junio de Presupuestos Generales del Estado de 2012, que desarrolla lo establecido en el Estatuto B\u00e1sico del Empleado P\u00fablico\u201d. Leer m\u00e1s<\/p>\n<\/p>\n<p><\/p>","protected":false},"excerpt":{"rendered":"<p>El sindicato CSI\u00b7F est\u00e1 distribuyendo un escrito entre los alrededor de 8.000 empleados p\u00fablicos de la administraci\u00f3n central en la provincia de Valencia para que soliciten el abono de la paga extra de Navidad. Adem\u00e1s, el sindicato ha participado en las concentraciones que han tenido lugar esta ma\u00f1ana ante las sedes de Tr\u00e1fico, Servicio P\u00fablico [&#8230;]<\/p>\n","protected":false},"author":165,"featured_media":0,"comment_status":"closed","ping_status":"open","sticky":false,"template":"","format":"standard","meta":{"ngg_post_thumbnail":0,"_links_to":"","_links_to_target":""},"categories":[1],"tags":[],"_links":{"self":[{"href":"https:\/\/csif.umh.es\/en\/wp-json\/wp\/v2\/posts\/849"}],"collection":[{"href":"https:\/\/csif.umh.es\/en\/wp-json\/wp\/v2\/posts"}],"about":[{"href":"https:\/\/csif.umh.es\/en\/wp-json\/wp\/v2\/types\/post"}],"author":[{"embeddable":true,"href":"https:\/\/csif.umh.es\/en\/wp-json\/wp\/v2\/users\/165"}],"replies":[{"embeddable":true,"href":"https:\/\/csif.umh.es\/en\/wp-json\/wp\/v2\/comments?post=849"}],"version-history":[{"count":0,"href":"https:\/\/csif.umh.es\/en\/wp-json\/wp\/v2\/posts\/849\/revisions"}],"wp:attachment":[{"href":"https:\/\/csif.umh.es\/en\/wp-json\/wp\/v2\/media?parent=849"}],"wp:term":[{"taxonomy":"category","embeddable":true,"href":"https:\/\/csif.umh.es\/en\/wp-json\/wp\/v2\/categories?post=849"},{"taxonomy":"post_tag","embeddable":true,"href":"https:\/\/csif.umh.es\/en\/wp-json\/wp\/v2\/tags?post=849"}],"curies":[{"name":"wp","href":"https:\/\/api.w.org\/{rel}","templated":true}]}}