{"id":821,"date":"2012-07-16T16:11:18","date_gmt":"2012-07-16T16:11:18","guid":{"rendered":"http:\/\/csif.umh.es\/2012\/07\/16\/jueves-20-horas-manifestacion-contra-los-recortes-del-gobierno\/"},"modified":"2012-07-16T16:28:31","modified_gmt":"2012-07-16T16:28:31","slug":"jueves-20-horas-manifestacion-contra-los-recortes-del-gobierno","status":"publish","type":"post","link":"https:\/\/csif.umh.es\/en\/2012\/07\/16\/jueves-20-horas-manifestacion-contra-los-recortes-del-gobierno\/","title":{"rendered":"Jueves, 20 horas: manifestaci\u00f3n contra los recortes del gobierno"},"content":{"rendered":"<p><\/p>\n<p><p><a href=\"https:\/\/csif.umh.es\/files\/2012\/07\/CARTEL-RECORTES-CONCENTRACION_DELEGAC-DE-GOBIERNO_ALICANTE_13_07_20121.jpg\"><img loading=\"lazy\" src=\"https:\/\/csif.umh.es\/files\/2012\/07\/CARTEL-RECORTES-CONCENTRACION_DELEGAC-DE-GOBIERNO_ALICANTE_13_07_20121-150x150.jpg\" alt=\"\" title=\"Concentraci\u00f3n\" width=\"150\" height=\"150\" class=\"alignleft size-thumbnail wp-image-820\" \/><\/a><\/p>\n<p>Lun, 16\/07\/2012<\/p>\n<p>Los cinco sindicatos de la Mesa General convocan a todos los ciudadanos a participar en la masiva manifestaci\u00f3n contra los recortes del gobierno fijada para el pr\u00f3ximo jueves 19 en las tres capitales de provincia de la Comunidad Valenciana. La hora de inicio est\u00e1 prevista a las ocho de la tarde. En Valencia comenzar\u00e1 en la plaza de San Agust\u00edn; en Castell\u00f3n, en la plaza de las Aguas; y en Alicante, en las escalinatas del instituto Jorge Juan. Los organizadores expresar\u00e1n, con esta y con otras medidas que van a llevar a cabo, el profundo malestar que existe entre los trabajadores por el recortes de prestaciones, la eliminaci\u00f3n de la paga extraordinaria de Navidad o la subida de impuestos<\/p>\n<\/p>\n<p><\/p>","protected":false},"excerpt":{"rendered":"<p>Lun, 16\/07\/2012<br \/>\nLos cinco sindicatos de la Mesa General convocan a todos los ciudadanos a participar en la masiva manifestaci\u00f3n contra los recortes del gobierno fijada para el pr\u00f3ximo jueves 19 en las tres capitales de provincia de la Comunidad Valenciana. La hora de inicio est\u00e1 prevista a las ocho de la tarde. En Valencia comenzar\u00e1 [&#8230;]<\/p>\n","protected":false},"author":165,"featured_media":0,"comment_status":"closed","ping_status":"open","sticky":false,"template":"","format":"standard","meta":{"ngg_post_thumbnail":0,"_links_to":"","_links_to_target":""},"categories":[1],"tags":[],"_links":{"self":[{"href":"https:\/\/csif.umh.es\/en\/wp-json\/wp\/v2\/posts\/821"}],"collection":[{"href":"https:\/\/csif.umh.es\/en\/wp-json\/wp\/v2\/posts"}],"about":[{"href":"https:\/\/csif.umh.es\/en\/wp-json\/wp\/v2\/types\/post"}],"author":[{"embeddable":true,"href":"https:\/\/csif.umh.es\/en\/wp-json\/wp\/v2\/users\/165"}],"replies":[{"embeddable":true,"href":"https:\/\/csif.umh.es\/en\/wp-json\/wp\/v2\/comments?post=821"}],"version-history":[{"count":0,"href":"https:\/\/csif.umh.es\/en\/wp-json\/wp\/v2\/posts\/821\/revisions"}],"wp:attachment":[{"href":"https:\/\/csif.umh.es\/en\/wp-json\/wp\/v2\/media?parent=821"}],"wp:term":[{"taxonomy":"category","embeddable":true,"href":"https:\/\/csif.umh.es\/en\/wp-json\/wp\/v2\/categories?post=821"},{"taxonomy":"post_tag","embeddable":true,"href":"https:\/\/csif.umh.es\/en\/wp-json\/wp\/v2\/tags?post=821"}],"curies":[{"name":"wp","href":"https:\/\/api.w.org\/{rel}","templated":true}]}}