{"id":819,"date":"2012-07-16T16:03:20","date_gmt":"2012-07-16T16:03:20","guid":{"rendered":"http:\/\/csif.umh.es\/2012\/07\/16\/csi-f-agradece-las-muestras-de-apoyo-de-los-ciudadanos-a-los-empleados-publicos-y-convoca-actos-de-protesta-durante-toda-la-semana\/"},"modified":"2012-07-16T16:27:21","modified_gmt":"2012-07-16T16:27:21","slug":"csi-f-agradece-las-muestras-de-apoyo-de-los-ciudadanos-a-los-empleados-publicos-y-convoca-actos-de-protesta-durante-toda-la-semana","status":"publish","type":"post","link":"https:\/\/csif.umh.es\/en\/2012\/07\/16\/csi-f-agradece-las-muestras-de-apoyo-de-los-ciudadanos-a-los-empleados-publicos-y-convoca-actos-de-protesta-durante-toda-la-semana\/","title":{"rendered":"CSI-F agradece las muestras de apoyo de los ciudadanos a los empleados p\u00fablicos y convoca actos de protesta durante toda la semana"},"content":{"rendered":"<p><\/p>\n<p><p><a href=\"https:\/\/csif.umh.es\/files\/2012\/07\/BLOG-DEFINITIVO-PARA-NOVEDADES15.jpg\"><img loading=\"lazy\" src=\"https:\/\/csif.umh.es\/files\/2012\/07\/BLOG-DEFINITIVO-PARA-NOVEDADES15-150x147.jpg\" alt=\"\" title=\"CSI.F\" width=\"150\" height=\"147\" class=\"alignleft size-thumbnail wp-image-818\" \/><\/a><\/p>\n<p>Lun, 16\/07\/2012<\/p>\n<p>CSI-F estudia con CC.OO. y UGT una fecha para la huelga de septiembre en el sector p\u00fablico La Central Sindical Independiente y de Funcionarios (CSI-F), sindicato mayoritario en el conjunto de las Administraciones P\u00fablicas, agradeci\u00f3 hoy las muestras de apoyo ciudadano a la situaci\u00f3n de los empleados p\u00fablicos, que se est\u00e1n plasmando en las diferentes manifestaciones en toda Espa\u00f1a, muchas de ellas de car\u00e1cter espont\u00e1neo.<br \/>\nPara CSI-F estas manifestaciones responden a la indignaci\u00f3n y el profundo malestar de un colectivo que se siente maltratado y traicionado por sus gobernantes, y que en los \u00faltimos a\u00f1os ha registrado una p\u00e9rdida de poder adquisitivo del 30 por ciento y un retroceso generalizado en sus derechos laborales: m\u00e9dicos, docentes, personal de juzgados, carteros, bomberos, polic\u00edas y militares. Leer m\u00e1s<\/p>\n<\/p>\n<p><\/p>","protected":false},"excerpt":{"rendered":"<p>Lun, 16\/07\/2012<br \/>\nCSI-F estudia con CC.OO. y UGT una fecha para la huelga de septiembre en el sector p\u00fablico La Central Sindical Independiente y de Funcionarios (CSI-F), sindicato mayoritario en el conjunto de las Administraciones P\u00fablicas, agradeci\u00f3 hoy las muestras de apoyo ciudadano a la situaci\u00f3n de los empleados p\u00fablicos, que se est\u00e1n plasmando en las [&#8230;]<\/p>\n","protected":false},"author":165,"featured_media":0,"comment_status":"closed","ping_status":"open","sticky":false,"template":"","format":"standard","meta":{"ngg_post_thumbnail":0,"_links_to":"","_links_to_target":""},"categories":[1],"tags":[],"_links":{"self":[{"href":"https:\/\/csif.umh.es\/en\/wp-json\/wp\/v2\/posts\/819"}],"collection":[{"href":"https:\/\/csif.umh.es\/en\/wp-json\/wp\/v2\/posts"}],"about":[{"href":"https:\/\/csif.umh.es\/en\/wp-json\/wp\/v2\/types\/post"}],"author":[{"embeddable":true,"href":"https:\/\/csif.umh.es\/en\/wp-json\/wp\/v2\/users\/165"}],"replies":[{"embeddable":true,"href":"https:\/\/csif.umh.es\/en\/wp-json\/wp\/v2\/comments?post=819"}],"version-history":[{"count":0,"href":"https:\/\/csif.umh.es\/en\/wp-json\/wp\/v2\/posts\/819\/revisions"}],"wp:attachment":[{"href":"https:\/\/csif.umh.es\/en\/wp-json\/wp\/v2\/media?parent=819"}],"wp:term":[{"taxonomy":"category","embeddable":true,"href":"https:\/\/csif.umh.es\/en\/wp-json\/wp\/v2\/categories?post=819"},{"taxonomy":"post_tag","embeddable":true,"href":"https:\/\/csif.umh.es\/en\/wp-json\/wp\/v2\/tags?post=819"}],"curies":[{"name":"wp","href":"https:\/\/api.w.org\/{rel}","templated":true}]}}