{"id":815,"date":"2012-07-16T15:55:41","date_gmt":"2012-07-16T15:55:41","guid":{"rendered":"http:\/\/csif.umh.es\/2012\/07\/16\/miguel-borra-izquierdo-perdemos-el-30-del-poder-adquisitivo-entrevista-el-pais-15072012\/"},"modified":"2012-07-16T15:59:50","modified_gmt":"2012-07-16T15:59:50","slug":"miguel-borra-izquierdo-perdemos-el-30-del-poder-adquisitivo-entrevista-el-pais-15072012","status":"publish","type":"post","link":"https:\/\/csif.umh.es\/en\/2012\/07\/16\/miguel-borra-izquierdo-perdemos-el-30-del-poder-adquisitivo-entrevista-el-pais-15072012\/","title":{"rendered":"Miguel Borra Izquierdo: &#8220;Perdemos el 30% del poder adquisitivo&#8221; Entrevista El Pa\u00eds (15\/07\/2012)"},"content":{"rendered":"<p><\/p>\n<p><a href=\"https:\/\/csif.umh.es\/files\/2012\/07\/MIGUEL%20BORRA%20IZQUIERDO1_0.jpg\"><img loading=\"lazy\" src=\"https:\/\/csif.umh.es\/files\/2012\/07\/MIGUEL%20BORRA%20IZQUIERDO1_0-150x150.jpg\" alt=\"\" title=\"MIGUEL%20BORRA%20IZQUIERDO1_0\" width=\"150\" height=\"150\" class=\"alignleft size-thumbnail wp-image-814\" \/><\/a><\/p>\n<p>Lun, 16\/07\/2012<\/p>\n<p>El pasado 15 de julio el diario El Pa\u00eds public\u00f3 en su secci\u00f3n de Econom\u00eda una entrevista al presidente de CSI-F, Miguel Borra Izquierdo.<\/p>\n<p><\/p>","protected":false},"excerpt":{"rendered":"<p>Lun, 16\/07\/2012<br \/>\nEl pasado 15 de julio el diario El Pa\u00eds public\u00f3 en su secci\u00f3n de Econom\u00eda una entrevista al presidente de CSI-F, Miguel Borra Izquierdo.<\/p>\n","protected":false},"author":165,"featured_media":0,"comment_status":"closed","ping_status":"open","sticky":false,"template":"","format":"standard","meta":{"ngg_post_thumbnail":0,"_links_to":"","_links_to_target":""},"categories":[1],"tags":[],"_links":{"self":[{"href":"https:\/\/csif.umh.es\/en\/wp-json\/wp\/v2\/posts\/815"}],"collection":[{"href":"https:\/\/csif.umh.es\/en\/wp-json\/wp\/v2\/posts"}],"about":[{"href":"https:\/\/csif.umh.es\/en\/wp-json\/wp\/v2\/types\/post"}],"author":[{"embeddable":true,"href":"https:\/\/csif.umh.es\/en\/wp-json\/wp\/v2\/users\/165"}],"replies":[{"embeddable":true,"href":"https:\/\/csif.umh.es\/en\/wp-json\/wp\/v2\/comments?post=815"}],"version-history":[{"count":0,"href":"https:\/\/csif.umh.es\/en\/wp-json\/wp\/v2\/posts\/815\/revisions"}],"wp:attachment":[{"href":"https:\/\/csif.umh.es\/en\/wp-json\/wp\/v2\/media?parent=815"}],"wp:term":[{"taxonomy":"category","embeddable":true,"href":"https:\/\/csif.umh.es\/en\/wp-json\/wp\/v2\/categories?post=815"},{"taxonomy":"post_tag","embeddable":true,"href":"https:\/\/csif.umh.es\/en\/wp-json\/wp\/v2\/tags?post=815"}],"curies":[{"name":"wp","href":"https:\/\/api.w.org\/{rel}","templated":true}]}}