{"id":812,"date":"2012-07-16T06:55:30","date_gmt":"2012-07-16T06:55:30","guid":{"rendered":"http:\/\/csif.umh.es\/2012\/07\/16\/sociedad-el-gobierno-para-las-oposiciones-en-la-universidad-publica\/"},"modified":"2012-07-16T07:02:09","modified_gmt":"2012-07-16T07:02:09","slug":"sociedad-el-gobierno-para-las-oposiciones-en-la-universidad-publica","status":"publish","type":"post","link":"https:\/\/csif.umh.es\/en\/2012\/07\/16\/sociedad-el-gobierno-para-las-oposiciones-en-la-universidad-publica\/","title":{"rendered":"El Gobierno para las oposiciones en la Universidad p\u00fablica"},"content":{"rendered":"<p><\/p>\n<p><p><a href=\"https:\/\/csif.umh.es\/files\/2012\/07\/recorte.jpg\"><img loading=\"lazy\" src=\"https:\/\/csif.umh.es\/files\/2012\/07\/recorte-150x136.jpg\" alt=\"\" title=\"Recorte\" width=\"150\" height=\"136\" class=\"alignleft size-thumbnail wp-image-811\" \/><\/a><\/p>\n<p>Lunes 16-07-2012 <\/p>\n<p>Fin de curso convulso en la universidad p\u00fablica espa\u00f1ola. A las huelgas estudiantiles y de profesores asociados, que se han producido en los \u00faltimos meses contra el ya m\u00e1s conocido como decreto Wert de medidas de recorte en el \u00e1mbito educativo, se a\u00f1ade ahora la orden del Ministerio de Hacienda que paraliza las oposiciones a catedr\u00e1tico y titular de Universidad en el sistema universitario p\u00fablico espa\u00f1ol. Si los rectorados no anulan todas las convocatorias publicadas en 2012 en el Bolet\u00edn Oficial del Estado (BOE), la Direcci\u00f3n General anuncia su intenci\u00f3n de interponer un recurso contencioso-administrativo, transcurrido un mes, seg\u00fan el burofax, al que ha tenido acceso EL PA\u00cdS. En esta situaci\u00f3n se encuentran entre 12 y 17 universidades p\u00fablicas, seg\u00fan estimaciones de la Conferencia de Rectores de Universidades Espa\u00f1olas (CRUE), que convocar\u00e1 la semana que viene con car\u00e1cter urgente a los servicios jur\u00eddicos de las universidades afectadas en Madrid.<\/p>\n<p>Los rectores calculan que la decisi\u00f3n afecta en este momento a cientos de catedr\u00e1ticos y titulares de Universidad, que se hab\u00edan preparado para optar a una plaza. Las m\u00e1s afectadas por volumen de plazas son la Universitat de Val\u00e8ncia (m\u00e1s de 50), todas las universidades andaluzas (excepto la de M\u00e1laga), la Jaume I de Castell\u00f3n, varias gallegas o la Aut\u00f3noma de Madrid.<\/p>\n<p>Leer m\u00e1s<\/p>\n<\/p>\n<p><\/p>","protected":false},"excerpt":{"rendered":"<p>Lunes 16-07-2012<br \/>\nFin de curso convulso en la universidad p\u00fablica espa\u00f1ola. A las huelgas estudiantiles y de profesores asociados, que se han producido en los \u00faltimos meses contra el ya m\u00e1s conocido como decreto Wert de medidas de recorte en el \u00e1mbito educativo, se a\u00f1ade ahora la orden del Ministerio de Hacienda que paraliza las [&#8230;]<\/p>\n","protected":false},"author":1,"featured_media":0,"comment_status":"closed","ping_status":"open","sticky":false,"template":"","format":"standard","meta":{"ngg_post_thumbnail":0,"_links_to":"","_links_to_target":""},"categories":[1],"tags":[],"_links":{"self":[{"href":"https:\/\/csif.umh.es\/en\/wp-json\/wp\/v2\/posts\/812"}],"collection":[{"href":"https:\/\/csif.umh.es\/en\/wp-json\/wp\/v2\/posts"}],"about":[{"href":"https:\/\/csif.umh.es\/en\/wp-json\/wp\/v2\/types\/post"}],"author":[{"embeddable":true,"href":"https:\/\/csif.umh.es\/en\/wp-json\/wp\/v2\/users\/1"}],"replies":[{"embeddable":true,"href":"https:\/\/csif.umh.es\/en\/wp-json\/wp\/v2\/comments?post=812"}],"version-history":[{"count":0,"href":"https:\/\/csif.umh.es\/en\/wp-json\/wp\/v2\/posts\/812\/revisions"}],"wp:attachment":[{"href":"https:\/\/csif.umh.es\/en\/wp-json\/wp\/v2\/media?parent=812"}],"wp:term":[{"taxonomy":"category","embeddable":true,"href":"https:\/\/csif.umh.es\/en\/wp-json\/wp\/v2\/categories?post=812"},{"taxonomy":"post_tag","embeddable":true,"href":"https:\/\/csif.umh.es\/en\/wp-json\/wp\/v2\/tags?post=812"}],"curies":[{"name":"wp","href":"https:\/\/api.w.org\/{rel}","templated":true}]}}