{"id":782,"date":"2012-07-12T15:00:35","date_gmt":"2012-07-12T15:00:35","guid":{"rendered":"http:\/\/csif.umh.es\/2012\/07\/12\/los-sindicatos-de-la-funcion-publica-convocan-manana-concentraciones-en-todos-los-centros-de-trabajo\/"},"modified":"2012-07-12T18:38:16","modified_gmt":"2012-07-12T18:38:16","slug":"los-sindicatos-de-la-funcion-publica-convocan-manana-concentraciones-en-todos-los-centros-de-trabajo","status":"publish","type":"post","link":"https:\/\/csif.umh.es\/en\/2012\/07\/12\/los-sindicatos-de-la-funcion-publica-convocan-manana-concentraciones-en-todos-los-centros-de-trabajo\/","title":{"rendered":"Los sindicatos de la Funci\u00f3n P\u00fablica convocan ma\u00f1ana concentraciones en todos los centros de trabajo"},"content":{"rendered":"<p><\/p>\n<p><p>Jue, 12\/07\/2012<\/p>\n<p>Los l\u00edderes de CSI-F, CC.OO. y UGT en la Funci\u00f3n P\u00fablica participar\u00e1n en la concentraci\u00f3n de la Puerta del Sol, a las 11.00<\/p>\n<p>La Central Sindical Independiente y de Funcionarios (CSI-F), CC.OO. y UGT han convocado concentraciones de trabajadores ma\u00f1ana en todos los centros de trabajo en protesta contra los recortes anunciados por el presidente del Gobierno.<\/p>\n<p>Los l\u00edderes de las tres organizaciones en el sector p\u00fablico participar\u00e1n en la concentraci\u00f3n que tendr\u00e1 lugar en la Puerta del Sol, a las11.00, frente a la sede del Gobierno de la Comunidad de Madrid. En el acto, se informar\u00e1 a los medios de comunicaci\u00f3n de la carta trasladada al resto de organizaciones sindicales invit\u00e1ndoles a sumarse a una plataforma unitaria contra los recortes.<\/p>\n<p>D\u00eda: 13 de julio.<br \/>\nHora: 11.00 horas.<br \/>\nLugar: \u2018Kil\u00f3metro 0\u2019 de la Puerta del Sol. Leer m\u00e1s<br \/>\n<a href=\"https:\/\/csif.umh.es\/files\/2012\/07\/BLOG-DEFINITIVO-PARA-NOVEDADES10.jpg\"><img loading=\"lazy\" src=\"https:\/\/csif.umh.es\/files\/2012\/07\/BLOG-DEFINITIVO-PARA-NOVEDADES10.jpg\" alt=\"\" title=\"CSI.F\" width=\"171\" height=\"147\" class=\"alignleft size-full wp-image-781\" \/><\/a><\/p>\n<\/p>\n<p><\/p>","protected":false},"excerpt":{"rendered":"<p>Jue, 12\/07\/2012<br \/>\nLos l\u00edderes de CSI-F, CC.OO. y UGT en la Funci\u00f3n P\u00fablica participar\u00e1n en la concentraci\u00f3n de la Puerta del Sol, a las 11.00<br \/>\nLa Central Sindical Independiente y de Funcionarios (CSI-F), CC.OO. y UGT han convocado concentraciones de trabajadores ma\u00f1ana en todos los centros de trabajo en protesta contra los recortes anunciados por el presidente [&#8230;]<\/p>\n","protected":false},"author":165,"featured_media":0,"comment_status":"closed","ping_status":"open","sticky":false,"template":"","format":"standard","meta":{"ngg_post_thumbnail":0,"_links_to":"","_links_to_target":""},"categories":[1],"tags":[],"_links":{"self":[{"href":"https:\/\/csif.umh.es\/en\/wp-json\/wp\/v2\/posts\/782"}],"collection":[{"href":"https:\/\/csif.umh.es\/en\/wp-json\/wp\/v2\/posts"}],"about":[{"href":"https:\/\/csif.umh.es\/en\/wp-json\/wp\/v2\/types\/post"}],"author":[{"embeddable":true,"href":"https:\/\/csif.umh.es\/en\/wp-json\/wp\/v2\/users\/165"}],"replies":[{"embeddable":true,"href":"https:\/\/csif.umh.es\/en\/wp-json\/wp\/v2\/comments?post=782"}],"version-history":[{"count":0,"href":"https:\/\/csif.umh.es\/en\/wp-json\/wp\/v2\/posts\/782\/revisions"}],"wp:attachment":[{"href":"https:\/\/csif.umh.es\/en\/wp-json\/wp\/v2\/media?parent=782"}],"wp:term":[{"taxonomy":"category","embeddable":true,"href":"https:\/\/csif.umh.es\/en\/wp-json\/wp\/v2\/categories?post=782"},{"taxonomy":"post_tag","embeddable":true,"href":"https:\/\/csif.umh.es\/en\/wp-json\/wp\/v2\/tags?post=782"}],"curies":[{"name":"wp","href":"https:\/\/api.w.org\/{rel}","templated":true}]}}