{"id":772,"date":"2012-07-11T21:11:59","date_gmt":"2012-07-11T21:11:59","guid":{"rendered":"http:\/\/csif.umh.es\/2012\/07\/11\/csi-f-rechaza-frontalmente-la-imposicion-del-gobierno-y-promovera-medidas-de-presion-junto-al-resto-de-sindicatos-de-la-funcion-publica-contra-el-decreto-de-recortes\/"},"modified":"2012-07-11T21:30:40","modified_gmt":"2012-07-11T21:30:40","slug":"csi-f-rechaza-frontalmente-la-imposicion-del-gobierno-y-promovera-medidas-de-presion-junto-al-resto-de-sindicatos-de-la-funcion-publica-contra-el-decreto-de-recortes","status":"publish","type":"post","link":"https:\/\/csif.umh.es\/en\/2012\/07\/11\/csi-f-rechaza-frontalmente-la-imposicion-del-gobierno-y-promovera-medidas-de-presion-junto-al-resto-de-sindicatos-de-la-funcion-publica-contra-el-decreto-de-recortes\/","title":{"rendered":"CSI-F rechaza frontalmente la imposici\u00f3n del Gobierno y promover\u00e1 medidas de presi\u00f3n junto al resto de sindicatos de la Funci\u00f3n P\u00fablica contra el decreto de recortes"},"content":{"rendered":"<p><\/p>\n<p><p><a href=\"https:\/\/csif.umh.es\/files\/2012\/07\/SEGUIMOS%20DEFENDIENDO%20LO%20PUBLICO_tn1.jpg\"><img loading=\"lazy\" src=\"https:\/\/csif.umh.es\/files\/2012\/07\/SEGUIMOS%20DEFENDIENDO%20LO%20PUBLICO_tn1.jpg\" alt=\"\" title=\"SEGUIMOS%20DEFENDIENDO%20LO%20PUBLICO_tn\" width=\"150\" height=\"77\" class=\"alignleft size-full wp-image-771\" \/><\/a><\/p>\n<\/p>\n<p><\/p>","protected":false},"excerpt":{"rendered":"","protected":false},"author":165,"featured_media":0,"comment_status":"closed","ping_status":"open","sticky":false,"template":"","format":"standard","meta":{"ngg_post_thumbnail":0,"_links_to":"","_links_to_target":""},"categories":[1],"tags":[],"_links":{"self":[{"href":"https:\/\/csif.umh.es\/en\/wp-json\/wp\/v2\/posts\/772"}],"collection":[{"href":"https:\/\/csif.umh.es\/en\/wp-json\/wp\/v2\/posts"}],"about":[{"href":"https:\/\/csif.umh.es\/en\/wp-json\/wp\/v2\/types\/post"}],"author":[{"embeddable":true,"href":"https:\/\/csif.umh.es\/en\/wp-json\/wp\/v2\/users\/165"}],"replies":[{"embeddable":true,"href":"https:\/\/csif.umh.es\/en\/wp-json\/wp\/v2\/comments?post=772"}],"version-history":[{"count":0,"href":"https:\/\/csif.umh.es\/en\/wp-json\/wp\/v2\/posts\/772\/revisions"}],"wp:attachment":[{"href":"https:\/\/csif.umh.es\/en\/wp-json\/wp\/v2\/media?parent=772"}],"wp:term":[{"taxonomy":"category","embeddable":true,"href":"https:\/\/csif.umh.es\/en\/wp-json\/wp\/v2\/categories?post=772"},{"taxonomy":"post_tag","embeddable":true,"href":"https:\/\/csif.umh.es\/en\/wp-json\/wp\/v2\/tags?post=772"}],"curies":[{"name":"wp","href":"https:\/\/api.w.org\/{rel}","templated":true}]}}