{"id":759,"date":"2012-07-10T19:24:06","date_gmt":"2012-07-10T19:24:06","guid":{"rendered":"http:\/\/csif.umh.es\/2012\/07\/10\/horario-de-verano-del-1-de-septiembre-al-30-de-septiembre-jornada-de-manana-de-8-a-15-horas-sin-joranada-de-tarde-jornada-de-tarde-de-14-a-21-horas-sin-jornada-de-mananas\/"},"modified":"2012-07-10T19:24:06","modified_gmt":"2012-07-10T19:24:06","slug":"horario-de-verano-del-1-de-septiembre-al-30-de-septiembre-jornada-de-manana-de-8-a-15-horas-sin-joranada-de-tarde-jornada-de-tarde-de-14-a-21-horas-sin-jornada-de-mananas","status":"publish","type":"post","link":"https:\/\/csif.umh.es\/en\/2012\/07\/10\/horario-de-verano-del-1-de-septiembre-al-30-de-septiembre-jornada-de-manana-de-8-a-15-horas-sin-joranada-de-tarde-jornada-de-tarde-de-14-a-21-horas-sin-jornada-de-mananas\/","title":{"rendered":"<span lang=\"es\">(Espa\u00f1ol) Horario de Verano. Del 1 de septiembre al 30 de septiembre. Jornada de ma\u00f1ana de 8 a 15 horas, sin joranada de tarde. Jornada de tarde de 14 a 21 horas sin jornada de ma\u00f1anas<\/span>"},"content":{"rendered":"","protected":false},"excerpt":{"rendered":"","protected":false},"author":165,"featured_media":0,"comment_status":"closed","ping_status":"open","sticky":false,"template":"","format":"standard","meta":{"ngg_post_thumbnail":0,"_links_to":"","_links_to_target":""},"categories":[4,1],"tags":[],"_links":{"self":[{"href":"https:\/\/csif.umh.es\/en\/wp-json\/wp\/v2\/posts\/759"}],"collection":[{"href":"https:\/\/csif.umh.es\/en\/wp-json\/wp\/v2\/posts"}],"about":[{"href":"https:\/\/csif.umh.es\/en\/wp-json\/wp\/v2\/types\/post"}],"author":[{"embeddable":true,"href":"https:\/\/csif.umh.es\/en\/wp-json\/wp\/v2\/users\/165"}],"replies":[{"embeddable":true,"href":"https:\/\/csif.umh.es\/en\/wp-json\/wp\/v2\/comments?post=759"}],"version-history":[{"count":0,"href":"https:\/\/csif.umh.es\/en\/wp-json\/wp\/v2\/posts\/759\/revisions"}],"wp:attachment":[{"href":"https:\/\/csif.umh.es\/en\/wp-json\/wp\/v2\/media?parent=759"}],"wp:term":[{"taxonomy":"category","embeddable":true,"href":"https:\/\/csif.umh.es\/en\/wp-json\/wp\/v2\/categories?post=759"},{"taxonomy":"post_tag","embeddable":true,"href":"https:\/\/csif.umh.es\/en\/wp-json\/wp\/v2\/tags?post=759"}],"curies":[{"name":"wp","href":"https:\/\/api.w.org\/{rel}","templated":true}]}}