{"id":666,"date":"2012-06-30T21:04:34","date_gmt":"2012-06-30T21:04:34","guid":{"rendered":"http:\/\/csif.umh.es\/2012\/06\/30\/miguel-borra-presidente-de-csi-f-%e2%80%9cen-espana-no-sobran-funcionarios\/"},"modified":"2012-06-30T21:11:50","modified_gmt":"2012-06-30T21:11:50","slug":"miguel-borra-presidente-de-csi-f-%e2%80%9cen-espana-no-sobran-funcionarios","status":"publish","type":"post","link":"https:\/\/csif.umh.es\/en\/2012\/06\/30\/miguel-borra-presidente-de-csi-f-%e2%80%9cen-espana-no-sobran-funcionarios\/","title":{"rendered":"Miguel Borra, Presidente de CSI-F: \u201cEn Espa\u00f1a no sobran funcionarios&#8221;"},"content":{"rendered":"<p><\/p>\n<p><p><a href=\"https:\/\/csif.umh.es\/files\/2012\/06\/BLOG-DEFINITIVO-PARA-NOVEDADES16.jpg\"><img loading=\"lazy\" src=\"https:\/\/csif.umh.es\/files\/2012\/06\/BLOG-DEFINITIVO-PARA-NOVEDADES16.jpg\" alt=\"\" title=\"CSI.F\" width=\"171\" height=\"147\" class=\"alignleft size-full wp-image-665\" \/><\/a><br \/>\nVie, 29\/06\/2012<\/p>\n<p>Entrevista en \u201cAs\u00ed son las Ma\u00f1anas\u201d de la Cadena Cope<\/p>\n<p>El presidente de la Central Sindical Independiente y de Funcionarios (CSI-F), Miguel Borra, afirm\u00f3 hoy, en una entrevista para la Cadena Cope, que en Espa\u00f1a no sobran funcionarios, dado que &#8220;se registran unos niveles similares al de otros  pa\u00edses europeos\u201d<\/p>\n<p>En respuesta a las declaraciones realizadas ayer por la presidenta de la Comisi\u00f3n de Econom\u00eda en el Congreso del Partido Popular, el presidente de CSI-F explic\u00f3 que el n\u00famero de empleados p\u00fablicos asciende a 2,7 millones, cifra en la que se integran personal funcionario, estatutario y laboral y que nos sit\u00faa en la media de la OCDE<\/p>\n<\/p>\n<p><\/p>","protected":false},"excerpt":{"rendered":"<p>Vie, 29\/06\/2012<br \/>\nEntrevista en \u201cAs\u00ed son las Ma\u00f1anas\u201d de la Cadena Cope<br \/>\nEl presidente de la Central Sindical Independiente y de Funcionarios (CSI-F), Miguel Borra, afirm\u00f3 hoy, en una entrevista para la Cadena Cope, que en Espa\u00f1a no sobran funcionarios, dado que &#8220;se registran unos niveles similares al de otros  pa\u00edses europeos\u201d<br \/>\nEn respuesta a las declaraciones [&#8230;]<\/p>\n","protected":false},"author":165,"featured_media":0,"comment_status":"closed","ping_status":"open","sticky":false,"template":"","format":"standard","meta":{"ngg_post_thumbnail":0,"_links_to":"","_links_to_target":""},"categories":[1],"tags":[],"_links":{"self":[{"href":"https:\/\/csif.umh.es\/en\/wp-json\/wp\/v2\/posts\/666"}],"collection":[{"href":"https:\/\/csif.umh.es\/en\/wp-json\/wp\/v2\/posts"}],"about":[{"href":"https:\/\/csif.umh.es\/en\/wp-json\/wp\/v2\/types\/post"}],"author":[{"embeddable":true,"href":"https:\/\/csif.umh.es\/en\/wp-json\/wp\/v2\/users\/165"}],"replies":[{"embeddable":true,"href":"https:\/\/csif.umh.es\/en\/wp-json\/wp\/v2\/comments?post=666"}],"version-history":[{"count":0,"href":"https:\/\/csif.umh.es\/en\/wp-json\/wp\/v2\/posts\/666\/revisions"}],"wp:attachment":[{"href":"https:\/\/csif.umh.es\/en\/wp-json\/wp\/v2\/media?parent=666"}],"wp:term":[{"taxonomy":"category","embeddable":true,"href":"https:\/\/csif.umh.es\/en\/wp-json\/wp\/v2\/categories?post=666"},{"taxonomy":"post_tag","embeddable":true,"href":"https:\/\/csif.umh.es\/en\/wp-json\/wp\/v2\/tags?post=666"}],"curies":[{"name":"wp","href":"https:\/\/api.w.org\/{rel}","templated":true}]}}