{"id":5819,"date":"2025-03-28T13:09:01","date_gmt":"2025-03-28T12:09:01","guid":{"rendered":"https:\/\/csif.umh.es\/?p=5819"},"modified":"2025-03-28T13:09:01","modified_gmt":"2025-03-28T12:09:01","slug":"muface-amplia-la-continuidad-asistencial-en-dkv-adeslas-y-asisa-hasta-mayo-cuando-entre-en-vigor-el-nuevo-concierto-como-reclamo-csif","status":"publish","type":"post","link":"https:\/\/csif.umh.es\/en\/2025\/03\/28\/muface-amplia-la-continuidad-asistencial-en-dkv-adeslas-y-asisa-hasta-mayo-cuando-entre-en-vigor-el-nuevo-concierto-como-reclamo-csif\/","title":{"rendered":"<span lang=\"es\">(Espa\u00f1ol) Muface ampl\u00eda la continuidad asistencial en DKV, Adeslas y Asisa hasta mayo, cuando entre en vigor el nuevo concierto, como reclam\u00f3 CSIF<\/span>"},"content":{"rendered":"<p class=\"qtranxs-available-languages-message qtranxs-available-languages-message-en\">Sorry, this entry is only available in <a href=\"https:\/\/csif.umh.es\/es\/wp-json\/wp\/v2\/posts\/5819\" class=\"qtranxs-available-language-link qtranxs-available-language-link-es\" title=\"Espa\u00f1ol\">European Spanish<\/a>.<\/p>","protected":false},"excerpt":{"rendered":"<p>Sorry, this entry is only available in European Spanish.<\/p>\n","protected":false},"author":165,"featured_media":0,"comment_status":"closed","ping_status":"open","sticky":false,"template":"","format":"standard","meta":{"ngg_post_thumbnail":0,"_links_to":"","_links_to_target":""},"categories":[1],"tags":[],"_links":{"self":[{"href":"https:\/\/csif.umh.es\/en\/wp-json\/wp\/v2\/posts\/5819"}],"collection":[{"href":"https:\/\/csif.umh.es\/en\/wp-json\/wp\/v2\/posts"}],"about":[{"href":"https:\/\/csif.umh.es\/en\/wp-json\/wp\/v2\/types\/post"}],"author":[{"embeddable":true,"href":"https:\/\/csif.umh.es\/en\/wp-json\/wp\/v2\/users\/165"}],"replies":[{"embeddable":true,"href":"https:\/\/csif.umh.es\/en\/wp-json\/wp\/v2\/comments?post=5819"}],"version-history":[{"count":0,"href":"https:\/\/csif.umh.es\/en\/wp-json\/wp\/v2\/posts\/5819\/revisions"}],"wp:attachment":[{"href":"https:\/\/csif.umh.es\/en\/wp-json\/wp\/v2\/media?parent=5819"}],"wp:term":[{"taxonomy":"category","embeddable":true,"href":"https:\/\/csif.umh.es\/en\/wp-json\/wp\/v2\/categories?post=5819"},{"taxonomy":"post_tag","embeddable":true,"href":"https:\/\/csif.umh.es\/en\/wp-json\/wp\/v2\/tags?post=5819"}],"curies":[{"name":"wp","href":"https:\/\/api.w.org\/{rel}","templated":true}]}}