{"id":5383,"date":"2024-05-21T13:06:58","date_gmt":"2024-05-21T11:06:58","guid":{"rendered":"https:\/\/csif.umh.es\/?p=5383"},"modified":"2024-05-21T13:14:06","modified_gmt":"2024-05-21T11:14:06","slug":"reelegido-mario-gutierrez-gutierrez-como-presidente-del-sector-nacional-de-educacion","status":"publish","type":"post","link":"https:\/\/csif.umh.es\/en\/2024\/05\/21\/reelegido-mario-gutierrez-gutierrez-como-presidente-del-sector-nacional-de-educacion\/","title":{"rendered":"<span lang=\"es\">(Espa\u00f1ol) Reelegido Mario Guti\u00e9rrez Guti\u00e9rrez como presidente del sector nacional de educaci\u00f3n.<\/span>"},"content":{"rendered":"<p class=\"qtranxs-available-languages-message qtranxs-available-languages-message-en\">Sorry, this entry is only available in <a href=\"https:\/\/csif.umh.es\/es\/wp-json\/wp\/v2\/posts\/5383\" class=\"qtranxs-available-language-link qtranxs-available-language-link-es\" title=\"Espa\u00f1ol\">European Spanish<\/a>.<\/p>","protected":false},"excerpt":{"rendered":"<p>Sorry, this entry is only available in European Spanish.<\/p>\n","protected":false},"author":165,"featured_media":0,"comment_status":"closed","ping_status":"open","sticky":false,"template":"","format":"standard","meta":{"ngg_post_thumbnail":0,"_links_to":"","_links_to_target":""},"categories":[1],"tags":[],"_links":{"self":[{"href":"https:\/\/csif.umh.es\/en\/wp-json\/wp\/v2\/posts\/5383"}],"collection":[{"href":"https:\/\/csif.umh.es\/en\/wp-json\/wp\/v2\/posts"}],"about":[{"href":"https:\/\/csif.umh.es\/en\/wp-json\/wp\/v2\/types\/post"}],"author":[{"embeddable":true,"href":"https:\/\/csif.umh.es\/en\/wp-json\/wp\/v2\/users\/165"}],"replies":[{"embeddable":true,"href":"https:\/\/csif.umh.es\/en\/wp-json\/wp\/v2\/comments?post=5383"}],"version-history":[{"count":0,"href":"https:\/\/csif.umh.es\/en\/wp-json\/wp\/v2\/posts\/5383\/revisions"}],"wp:attachment":[{"href":"https:\/\/csif.umh.es\/en\/wp-json\/wp\/v2\/media?parent=5383"}],"wp:term":[{"taxonomy":"category","embeddable":true,"href":"https:\/\/csif.umh.es\/en\/wp-json\/wp\/v2\/categories?post=5383"},{"taxonomy":"post_tag","embeddable":true,"href":"https:\/\/csif.umh.es\/en\/wp-json\/wp\/v2\/tags?post=5383"}],"curies":[{"name":"wp","href":"https:\/\/api.w.org\/{rel}","templated":true}]}}