{"id":443,"date":"2012-05-29T22:54:37","date_gmt":"2012-05-29T22:54:37","guid":{"rendered":"http:\/\/csif.umh.es\/2012\/05\/29\/manifestacion-el-31-de-mayo-contra-los-recortes-en-los-servicios-publicos\/"},"modified":"2012-05-29T23:03:47","modified_gmt":"2012-05-29T23:03:47","slug":"manifestacion-el-31-de-mayo-contra-los-recortes-en-los-servicios-publicos","status":"publish","type":"post","link":"https:\/\/csif.umh.es\/en\/2012\/05\/29\/manifestacion-el-31-de-mayo-contra-los-recortes-en-los-servicios-publicos\/","title":{"rendered":"Manifestaci\u00f3n el 31 de mayo contra los recortes en los servicios p\u00fablicos"},"content":{"rendered":"<p><\/p>\n<p><p> Los cinco sindicatos CSI\u00b7F, UGT, CC.OO, FSES e Intersindical, han decidido convocar una manifestaci\u00f3n en Valencia, Castell\u00f3n y Alicante previstas para el jueves 31 de mayo. Estas protestas se deben una vez m\u00e1s al No a los recortes en los servicios p\u00fablicos. La manifestaci\u00f3n convocada el pr\u00f3ximo 31 de mayo tendr\u00e1 lugar a las 19:30 h en diferentes puntos de encuentro dependiendo de la provincia. En valencia comenzar\u00e1 en la Plaza de San Agust\u00edn, Castell\u00f3n  en C\/ Sanahuja  Plaza de M\u00aaAgustina y en Alicante Avd Renfe.<\/p>\n<p>Adjunto Tama\u00f1o<br \/>\nAdjunto Tama\u00f1o<br \/>\nMANIFIESTO.doc 28 KB <\/p>\n<p>Ver im\u00e1genes<br \/>\nVolver <\/p>\n<\/p>\n<p><\/p>","protected":false},"excerpt":{"rendered":"<p> Los cinco sindicatos CSI\u00b7F, UGT, CC.OO, FSES e Intersindical, han decidido convocar una manifestaci\u00f3n en Valencia, Castell\u00f3n y Alicante previstas para el jueves 31 de mayo. Estas protestas se deben una vez m\u00e1s al No a los recortes en los servicios p\u00fablicos. La manifestaci\u00f3n convocada el pr\u00f3ximo 31 de mayo tendr\u00e1 lugar a las [&#8230;]<\/p>\n","protected":false},"author":165,"featured_media":0,"comment_status":"closed","ping_status":"open","sticky":false,"template":"","format":"standard","meta":{"ngg_post_thumbnail":0,"_links_to":"","_links_to_target":""},"categories":[1],"tags":[],"_links":{"self":[{"href":"https:\/\/csif.umh.es\/en\/wp-json\/wp\/v2\/posts\/443"}],"collection":[{"href":"https:\/\/csif.umh.es\/en\/wp-json\/wp\/v2\/posts"}],"about":[{"href":"https:\/\/csif.umh.es\/en\/wp-json\/wp\/v2\/types\/post"}],"author":[{"embeddable":true,"href":"https:\/\/csif.umh.es\/en\/wp-json\/wp\/v2\/users\/165"}],"replies":[{"embeddable":true,"href":"https:\/\/csif.umh.es\/en\/wp-json\/wp\/v2\/comments?post=443"}],"version-history":[{"count":0,"href":"https:\/\/csif.umh.es\/en\/wp-json\/wp\/v2\/posts\/443\/revisions"}],"wp:attachment":[{"href":"https:\/\/csif.umh.es\/en\/wp-json\/wp\/v2\/media?parent=443"}],"wp:term":[{"taxonomy":"category","embeddable":true,"href":"https:\/\/csif.umh.es\/en\/wp-json\/wp\/v2\/categories?post=443"},{"taxonomy":"post_tag","embeddable":true,"href":"https:\/\/csif.umh.es\/en\/wp-json\/wp\/v2\/tags?post=443"}],"curies":[{"name":"wp","href":"https:\/\/api.w.org\/{rel}","templated":true}]}}