{"id":3337,"date":"2021-10-08T13:33:09","date_gmt":"2021-10-08T11:33:09","guid":{"rendered":"https:\/\/csif.umh.es\/?p=3337"},"modified":"2021-10-08T13:33:09","modified_gmt":"2021-10-08T11:33:09","slug":"la-propuesta-de-reforma-de-las-pensiones-supone-una-perdida-de-hasta-8-000-euros-al-ano-en-la-jubilacion-voluntaria","status":"publish","type":"post","link":"https:\/\/csif.umh.es\/en\/2021\/10\/08\/la-propuesta-de-reforma-de-las-pensiones-supone-una-perdida-de-hasta-8-000-euros-al-ano-en-la-jubilacion-voluntaria\/","title":{"rendered":"<span lang=\"es\">(Espa\u00f1ol) La propuesta de reforma de las pensiones supone una p\u00e9rdida de hasta 8.000 euros al a\u00f1o en la jubilaci\u00f3n voluntaria<\/span>"},"content":{"rendered":"<p class=\"qtranxs-available-languages-message qtranxs-available-languages-message-en\">Sorry, this entry is only available in <a href=\"https:\/\/csif.umh.es\/es\/wp-json\/wp\/v2\/posts\/3337\" class=\"qtranxs-available-language-link qtranxs-available-language-link-es\" title=\"Espa\u00f1ol\">European Spanish<\/a>.<\/p>","protected":false},"excerpt":{"rendered":"<p>Sorry, this entry is only available in European Spanish.<\/p>\n","protected":false},"author":165,"featured_media":0,"comment_status":"closed","ping_status":"open","sticky":false,"template":"","format":"standard","meta":{"ngg_post_thumbnail":0,"_links_to":"","_links_to_target":""},"categories":[1],"tags":[],"_links":{"self":[{"href":"https:\/\/csif.umh.es\/en\/wp-json\/wp\/v2\/posts\/3337"}],"collection":[{"href":"https:\/\/csif.umh.es\/en\/wp-json\/wp\/v2\/posts"}],"about":[{"href":"https:\/\/csif.umh.es\/en\/wp-json\/wp\/v2\/types\/post"}],"author":[{"embeddable":true,"href":"https:\/\/csif.umh.es\/en\/wp-json\/wp\/v2\/users\/165"}],"replies":[{"embeddable":true,"href":"https:\/\/csif.umh.es\/en\/wp-json\/wp\/v2\/comments?post=3337"}],"version-history":[{"count":0,"href":"https:\/\/csif.umh.es\/en\/wp-json\/wp\/v2\/posts\/3337\/revisions"}],"wp:attachment":[{"href":"https:\/\/csif.umh.es\/en\/wp-json\/wp\/v2\/media?parent=3337"}],"wp:term":[{"taxonomy":"category","embeddable":true,"href":"https:\/\/csif.umh.es\/en\/wp-json\/wp\/v2\/categories?post=3337"},{"taxonomy":"post_tag","embeddable":true,"href":"https:\/\/csif.umh.es\/en\/wp-json\/wp\/v2\/tags?post=3337"}],"curies":[{"name":"wp","href":"https:\/\/api.w.org\/{rel}","templated":true}]}}