{"id":3277,"date":"2021-10-03T20:23:48","date_gmt":"2021-10-03T18:23:48","guid":{"rendered":"https:\/\/csif.umh.es\/?p=3277"},"modified":"2021-10-03T20:23:48","modified_gmt":"2021-10-03T18:23:48","slug":"informacion-de-la-reunion-con-el-ministro-de-universidades-sobre-el-anteproyecto-de-ley-organica-del-sistema-universitario-losu","status":"publish","type":"post","link":"https:\/\/csif.umh.es\/en\/2021\/10\/03\/informacion-de-la-reunion-con-el-ministro-de-universidades-sobre-el-anteproyecto-de-ley-organica-del-sistema-universitario-losu\/","title":{"rendered":"<span lang=\"es\">(Espa\u00f1ol) Informaci\u00f3n de la reuni\u00f3n con el ministro de Universidades sobre el anteproyecto de Ley Org\u00e1nica del Sistema Universitario (LOSU)<\/span>"},"content":{"rendered":"<p class=\"qtranxs-available-languages-message qtranxs-available-languages-message-en\">Sorry, this entry is only available in <a href=\"https:\/\/csif.umh.es\/es\/wp-json\/wp\/v2\/posts\/3277\" class=\"qtranxs-available-language-link qtranxs-available-language-link-es\" title=\"Espa\u00f1ol\">European Spanish<\/a>.<\/p>","protected":false},"excerpt":{"rendered":"<p>Sorry, this entry is only available in European Spanish.<\/p>\n","protected":false},"author":165,"featured_media":0,"comment_status":"closed","ping_status":"open","sticky":false,"template":"","format":"standard","meta":{"ngg_post_thumbnail":0,"_links_to":"","_links_to_target":""},"categories":[1],"tags":[],"_links":{"self":[{"href":"https:\/\/csif.umh.es\/en\/wp-json\/wp\/v2\/posts\/3277"}],"collection":[{"href":"https:\/\/csif.umh.es\/en\/wp-json\/wp\/v2\/posts"}],"about":[{"href":"https:\/\/csif.umh.es\/en\/wp-json\/wp\/v2\/types\/post"}],"author":[{"embeddable":true,"href":"https:\/\/csif.umh.es\/en\/wp-json\/wp\/v2\/users\/165"}],"replies":[{"embeddable":true,"href":"https:\/\/csif.umh.es\/en\/wp-json\/wp\/v2\/comments?post=3277"}],"version-history":[{"count":0,"href":"https:\/\/csif.umh.es\/en\/wp-json\/wp\/v2\/posts\/3277\/revisions"}],"wp:attachment":[{"href":"https:\/\/csif.umh.es\/en\/wp-json\/wp\/v2\/media?parent=3277"}],"wp:term":[{"taxonomy":"category","embeddable":true,"href":"https:\/\/csif.umh.es\/en\/wp-json\/wp\/v2\/categories?post=3277"},{"taxonomy":"post_tag","embeddable":true,"href":"https:\/\/csif.umh.es\/en\/wp-json\/wp\/v2\/tags?post=3277"}],"curies":[{"name":"wp","href":"https:\/\/api.w.org\/{rel}","templated":true}]}}