{"id":3108,"date":"2021-05-17T07:57:05","date_gmt":"2021-05-17T05:57:05","guid":{"rendered":"https:\/\/csif.umh.es\/?p=3108"},"modified":"2021-05-17T07:57:05","modified_gmt":"2021-05-17T05:57:05","slug":"las-universidades-en-el-plan-de-recuperacion-transformacion-y-resiliencia-aneca-renueva-las-comisiones-de-evaluacion-a-cu-y-tu","status":"publish","type":"post","link":"https:\/\/csif.umh.es\/en\/2021\/05\/17\/las-universidades-en-el-plan-de-recuperacion-transformacion-y-resiliencia-aneca-renueva-las-comisiones-de-evaluacion-a-cu-y-tu\/","title":{"rendered":"<span lang=\"es\">(Espa\u00f1ol) Las Universidades en el Plan de Recuperaci\u00f3n, Transformaci\u00f3n y Resiliencia &#8211; ANECA renueva las comisiones de evaluaci\u00f3n a CU y TU<\/span>"},"content":{"rendered":"<p class=\"qtranxs-available-languages-message qtranxs-available-languages-message-en\">Sorry, this entry is only available in <a href=\"https:\/\/csif.umh.es\/es\/wp-json\/wp\/v2\/posts\/3108\" class=\"qtranxs-available-language-link qtranxs-available-language-link-es\" title=\"Espa\u00f1ol\">European Spanish<\/a>.<\/p>","protected":false},"excerpt":{"rendered":"<p>Sorry, this entry is only available in European Spanish.<\/p>\n","protected":false},"author":165,"featured_media":0,"comment_status":"closed","ping_status":"open","sticky":false,"template":"","format":"standard","meta":{"ngg_post_thumbnail":0,"_links_to":"","_links_to_target":""},"categories":[1],"tags":[],"_links":{"self":[{"href":"https:\/\/csif.umh.es\/en\/wp-json\/wp\/v2\/posts\/3108"}],"collection":[{"href":"https:\/\/csif.umh.es\/en\/wp-json\/wp\/v2\/posts"}],"about":[{"href":"https:\/\/csif.umh.es\/en\/wp-json\/wp\/v2\/types\/post"}],"author":[{"embeddable":true,"href":"https:\/\/csif.umh.es\/en\/wp-json\/wp\/v2\/users\/165"}],"replies":[{"embeddable":true,"href":"https:\/\/csif.umh.es\/en\/wp-json\/wp\/v2\/comments?post=3108"}],"version-history":[{"count":0,"href":"https:\/\/csif.umh.es\/en\/wp-json\/wp\/v2\/posts\/3108\/revisions"}],"wp:attachment":[{"href":"https:\/\/csif.umh.es\/en\/wp-json\/wp\/v2\/media?parent=3108"}],"wp:term":[{"taxonomy":"category","embeddable":true,"href":"https:\/\/csif.umh.es\/en\/wp-json\/wp\/v2\/categories?post=3108"},{"taxonomy":"post_tag","embeddable":true,"href":"https:\/\/csif.umh.es\/en\/wp-json\/wp\/v2\/tags?post=3108"}],"curies":[{"name":"wp","href":"https:\/\/api.w.org\/{rel}","templated":true}]}}