{"id":2946,"date":"2021-03-02T09:37:27","date_gmt":"2021-03-02T08:37:27","guid":{"rendered":"https:\/\/csif.umh.es\/?p=2946"},"modified":"2021-03-02T10:00:03","modified_gmt":"2021-03-02T09:00:03","slug":"csif-se-concentra-ante-les-corts-y-reivindica-negociacion-y-cambios-en-la-nueva-ley-de-la-funcion-publica-valenciana","status":"publish","type":"post","link":"https:\/\/csif.umh.es\/en\/2021\/03\/02\/csif-se-concentra-ante-les-corts-y-reivindica-negociacion-y-cambios-en-la-nueva-ley-de-la-funcion-publica-valenciana\/","title":{"rendered":"<span lang=\"es\">(Espa\u00f1ol) CSIF se concentra ante Les Corts y reivindica negociaci\u00f3n y cambios en la nueva Ley de la Funci\u00f3n P\u00fablica valenciana<\/span>"},"content":{"rendered":"<p class=\"qtranxs-available-languages-message qtranxs-available-languages-message-en\">Sorry, this entry is only available in <a href=\"https:\/\/csif.umh.es\/es\/wp-json\/wp\/v2\/posts\/2946\" class=\"qtranxs-available-language-link qtranxs-available-language-link-es\" title=\"Espa\u00f1ol\">European Spanish<\/a>.<\/p>","protected":false},"excerpt":{"rendered":"<p>Sorry, this entry is only available in European Spanish.<\/p>\n","protected":false},"author":165,"featured_media":0,"comment_status":"closed","ping_status":"open","sticky":false,"template":"","format":"standard","meta":{"ngg_post_thumbnail":0,"_links_to":"","_links_to_target":""},"categories":[1],"tags":[],"_links":{"self":[{"href":"https:\/\/csif.umh.es\/en\/wp-json\/wp\/v2\/posts\/2946"}],"collection":[{"href":"https:\/\/csif.umh.es\/en\/wp-json\/wp\/v2\/posts"}],"about":[{"href":"https:\/\/csif.umh.es\/en\/wp-json\/wp\/v2\/types\/post"}],"author":[{"embeddable":true,"href":"https:\/\/csif.umh.es\/en\/wp-json\/wp\/v2\/users\/165"}],"replies":[{"embeddable":true,"href":"https:\/\/csif.umh.es\/en\/wp-json\/wp\/v2\/comments?post=2946"}],"version-history":[{"count":0,"href":"https:\/\/csif.umh.es\/en\/wp-json\/wp\/v2\/posts\/2946\/revisions"}],"wp:attachment":[{"href":"https:\/\/csif.umh.es\/en\/wp-json\/wp\/v2\/media?parent=2946"}],"wp:term":[{"taxonomy":"category","embeddable":true,"href":"https:\/\/csif.umh.es\/en\/wp-json\/wp\/v2\/categories?post=2946"},{"taxonomy":"post_tag","embeddable":true,"href":"https:\/\/csif.umh.es\/en\/wp-json\/wp\/v2\/tags?post=2946"}],"curies":[{"name":"wp","href":"https:\/\/api.w.org\/{rel}","templated":true}]}}