{"id":2732,"date":"2020-04-21T13:42:34","date_gmt":"2020-04-21T11:42:34","guid":{"rendered":"https:\/\/csif.umh.es\/?p=2732"},"modified":"2020-04-21T13:42:34","modified_gmt":"2020-04-21T11:42:34","slug":"tenemos-que-cuidar-de-quien-nos-cuidan-por-eso-desde-csif-pedimos-al-gobierno-que-refuerce-la-proteccion-de-los-que-estan-en-primera-linea-de-batalla","status":"publish","type":"post","link":"https:\/\/csif.umh.es\/en\/2020\/04\/21\/tenemos-que-cuidar-de-quien-nos-cuidan-por-eso-desde-csif-pedimos-al-gobierno-que-refuerce-la-proteccion-de-los-que-estan-en-primera-linea-de-batalla\/","title":{"rendered":"<span lang=\"es\">(Espa\u00f1ol) Tenemos que cuidar de quien nos cuidan. Por eso desde CSIF pedimos al Gobierno que refuerce la protecci\u00f3n de los que est\u00e1n en primera l\u00ednea de batalla<\/span>"},"content":{"rendered":"<p class=\"qtranxs-available-languages-message qtranxs-available-languages-message-en\">Sorry, this entry is only available in <a href=\"https:\/\/csif.umh.es\/es\/wp-json\/wp\/v2\/posts\/2732\" class=\"qtranxs-available-language-link qtranxs-available-language-link-es\" title=\"Espa\u00f1ol\">European Spanish<\/a>.<\/p>","protected":false},"excerpt":{"rendered":"<p>Sorry, this entry is only available in European Spanish.<\/p>\n","protected":false},"author":165,"featured_media":0,"comment_status":"closed","ping_status":"open","sticky":false,"template":"","format":"standard","meta":{"ngg_post_thumbnail":0,"_links_to":"","_links_to_target":""},"categories":[1],"tags":[],"_links":{"self":[{"href":"https:\/\/csif.umh.es\/en\/wp-json\/wp\/v2\/posts\/2732"}],"collection":[{"href":"https:\/\/csif.umh.es\/en\/wp-json\/wp\/v2\/posts"}],"about":[{"href":"https:\/\/csif.umh.es\/en\/wp-json\/wp\/v2\/types\/post"}],"author":[{"embeddable":true,"href":"https:\/\/csif.umh.es\/en\/wp-json\/wp\/v2\/users\/165"}],"replies":[{"embeddable":true,"href":"https:\/\/csif.umh.es\/en\/wp-json\/wp\/v2\/comments?post=2732"}],"version-history":[{"count":0,"href":"https:\/\/csif.umh.es\/en\/wp-json\/wp\/v2\/posts\/2732\/revisions"}],"wp:attachment":[{"href":"https:\/\/csif.umh.es\/en\/wp-json\/wp\/v2\/media?parent=2732"}],"wp:term":[{"taxonomy":"category","embeddable":true,"href":"https:\/\/csif.umh.es\/en\/wp-json\/wp\/v2\/categories?post=2732"},{"taxonomy":"post_tag","embeddable":true,"href":"https:\/\/csif.umh.es\/en\/wp-json\/wp\/v2\/tags?post=2732"}],"curies":[{"name":"wp","href":"https:\/\/api.w.org\/{rel}","templated":true}]}}