{"id":1791,"date":"2016-12-21T10:30:51","date_gmt":"2016-12-21T09:30:51","guid":{"rendered":"http:\/\/csif.umh.es\/?p=1791"},"modified":"2016-12-21T10:44:47","modified_gmt":"2016-12-21T09:44:47","slug":"25n-la-administracion-del-estado-tiene-pendiente-el-protocolo-de-proteccion-por-violencia-de-genero-y-la-movilidad-entre-cc-aa-y-ayuntam","status":"publish","type":"post","link":"https:\/\/csif.umh.es\/en\/2016\/12\/21\/25n-la-administracion-del-estado-tiene-pendiente-el-protocolo-de-proteccion-por-violencia-de-genero-y-la-movilidad-entre-cc-aa-y-ayuntam\/","title":{"rendered":"<span lang=\"es\">(Espa\u00f1ol) 25N La Administraci\u00f3n del Estado tiene pendiente el protocolo de protecci\u00f3n por Violencia de G\u00e9nero y la movilidad entre CC.AA y Ayuntam<\/span>"},"content":{"rendered":"<p class=\"qtranxs-available-languages-message qtranxs-available-languages-message-en\">Sorry, this entry is only available in <a href=\"https:\/\/csif.umh.es\/es\/wp-json\/wp\/v2\/posts\/1791\" class=\"qtranxs-available-language-link qtranxs-available-language-link-es\" title=\"Espa\u00f1ol\">European Spanish<\/a>.<\/p>","protected":false},"excerpt":{"rendered":"<p>Sorry, this entry is only available in European Spanish.<\/p>\n","protected":false},"author":165,"featured_media":0,"comment_status":"closed","ping_status":"open","sticky":false,"template":"","format":"standard","meta":{"ngg_post_thumbnail":0,"_links_to":"","_links_to_target":""},"categories":[1],"tags":[],"_links":{"self":[{"href":"https:\/\/csif.umh.es\/en\/wp-json\/wp\/v2\/posts\/1791"}],"collection":[{"href":"https:\/\/csif.umh.es\/en\/wp-json\/wp\/v2\/posts"}],"about":[{"href":"https:\/\/csif.umh.es\/en\/wp-json\/wp\/v2\/types\/post"}],"author":[{"embeddable":true,"href":"https:\/\/csif.umh.es\/en\/wp-json\/wp\/v2\/users\/165"}],"replies":[{"embeddable":true,"href":"https:\/\/csif.umh.es\/en\/wp-json\/wp\/v2\/comments?post=1791"}],"version-history":[{"count":0,"href":"https:\/\/csif.umh.es\/en\/wp-json\/wp\/v2\/posts\/1791\/revisions"}],"wp:attachment":[{"href":"https:\/\/csif.umh.es\/en\/wp-json\/wp\/v2\/media?parent=1791"}],"wp:term":[{"taxonomy":"category","embeddable":true,"href":"https:\/\/csif.umh.es\/en\/wp-json\/wp\/v2\/categories?post=1791"},{"taxonomy":"post_tag","embeddable":true,"href":"https:\/\/csif.umh.es\/en\/wp-json\/wp\/v2\/tags?post=1791"}],"curies":[{"name":"wp","href":"https:\/\/api.w.org\/{rel}","templated":true}]}}