{"id":1511,"date":"2014-07-14T13:34:05","date_gmt":"2014-07-14T11:34:05","guid":{"rendered":"http:\/\/csif.umh.es\/?p=1511"},"modified":"2014-07-14T13:34:30","modified_gmt":"2014-07-14T11:34:30","slug":"empleados-publicos-de-toda-espana-se-concentran-en-sus-centros-de-trabajo-para-retomar-la-negociacion-de-sus-condiciones-laborales","status":"publish","type":"post","link":"https:\/\/csif.umh.es\/en\/2014\/07\/14\/empleados-publicos-de-toda-espana-se-concentran-en-sus-centros-de-trabajo-para-retomar-la-negociacion-de-sus-condiciones-laborales\/","title":{"rendered":"<span lang=\"es\">(Espa\u00f1ol) Empleados p\u00fablicos de toda Espa\u00f1a se concentran en sus centros de trabajo para retomar la negociaci\u00f3n de sus condiciones laborales<\/span>"},"content":{"rendered":"<p class=\"qtranxs-available-languages-message qtranxs-available-languages-message-en\">Sorry, this entry is only available in <a href=\"https:\/\/csif.umh.es\/es\/wp-json\/wp\/v2\/posts\/1511\" class=\"qtranxs-available-language-link qtranxs-available-language-link-es\" title=\"Espa\u00f1ol\">European Spanish<\/a>.<\/p>","protected":false},"excerpt":{"rendered":"<p>Sorry, this entry is only available in European Spanish.<\/p>\n","protected":false},"author":165,"featured_media":0,"comment_status":"closed","ping_status":"open","sticky":false,"template":"","format":"standard","meta":{"ngg_post_thumbnail":0,"_links_to":"","_links_to_target":""},"categories":[1],"tags":[],"_links":{"self":[{"href":"https:\/\/csif.umh.es\/en\/wp-json\/wp\/v2\/posts\/1511"}],"collection":[{"href":"https:\/\/csif.umh.es\/en\/wp-json\/wp\/v2\/posts"}],"about":[{"href":"https:\/\/csif.umh.es\/en\/wp-json\/wp\/v2\/types\/post"}],"author":[{"embeddable":true,"href":"https:\/\/csif.umh.es\/en\/wp-json\/wp\/v2\/users\/165"}],"replies":[{"embeddable":true,"href":"https:\/\/csif.umh.es\/en\/wp-json\/wp\/v2\/comments?post=1511"}],"version-history":[{"count":0,"href":"https:\/\/csif.umh.es\/en\/wp-json\/wp\/v2\/posts\/1511\/revisions"}],"wp:attachment":[{"href":"https:\/\/csif.umh.es\/en\/wp-json\/wp\/v2\/media?parent=1511"}],"wp:term":[{"taxonomy":"category","embeddable":true,"href":"https:\/\/csif.umh.es\/en\/wp-json\/wp\/v2\/categories?post=1511"},{"taxonomy":"post_tag","embeddable":true,"href":"https:\/\/csif.umh.es\/en\/wp-json\/wp\/v2\/tags?post=1511"}],"curies":[{"name":"wp","href":"https:\/\/api.w.org\/{rel}","templated":true}]}}