{"id":1193,"date":"2013-03-12T21:23:26","date_gmt":"2013-03-12T20:23:26","guid":{"rendered":"http:\/\/csif.umh.es\/2013\/03\/12\/los-sueldos-publicos-los-mas-castigados-por-la-crisis-caen-a-niveles-anteriores-a-2006\/"},"modified":"2013-03-13T12:24:22","modified_gmt":"2013-03-13T11:24:22","slug":"los-sueldos-publicos-los-mas-castigados-por-la-crisis-caen-a-niveles-anteriores-a-2006","status":"publish","type":"post","link":"https:\/\/csif.umh.es\/en\/2013\/03\/12\/los-sueldos-publicos-los-mas-castigados-por-la-crisis-caen-a-niveles-anteriores-a-2006\/","title":{"rendered":"<span lang=\"es\">(Espa\u00f1ol) Los sueldos p\u00fablicos, los m\u00e1s castigados por la crisis, caen a niveles anteriores a 2006<\/span>"},"content":{"rendered":"<p><\/p>\n<\/p>\n<p><\/p>","protected":false},"excerpt":{"rendered":"","protected":false},"author":165,"featured_media":0,"comment_status":"closed","ping_status":"open","sticky":false,"template":"","format":"standard","meta":{"ngg_post_thumbnail":0,"_links_to":"","_links_to_target":""},"categories":[1],"tags":[],"_links":{"self":[{"href":"https:\/\/csif.umh.es\/en\/wp-json\/wp\/v2\/posts\/1193"}],"collection":[{"href":"https:\/\/csif.umh.es\/en\/wp-json\/wp\/v2\/posts"}],"about":[{"href":"https:\/\/csif.umh.es\/en\/wp-json\/wp\/v2\/types\/post"}],"author":[{"embeddable":true,"href":"https:\/\/csif.umh.es\/en\/wp-json\/wp\/v2\/users\/165"}],"replies":[{"embeddable":true,"href":"https:\/\/csif.umh.es\/en\/wp-json\/wp\/v2\/comments?post=1193"}],"version-history":[{"count":0,"href":"https:\/\/csif.umh.es\/en\/wp-json\/wp\/v2\/posts\/1193\/revisions"}],"wp:attachment":[{"href":"https:\/\/csif.umh.es\/en\/wp-json\/wp\/v2\/media?parent=1193"}],"wp:term":[{"taxonomy":"category","embeddable":true,"href":"https:\/\/csif.umh.es\/en\/wp-json\/wp\/v2\/categories?post=1193"},{"taxonomy":"post_tag","embeddable":true,"href":"https:\/\/csif.umh.es\/en\/wp-json\/wp\/v2\/tags?post=1193"}],"curies":[{"name":"wp","href":"https:\/\/api.w.org\/{rel}","templated":true}]}}