{"id":1192,"date":"2013-03-11T09:33:33","date_gmt":"2013-03-11T08:33:33","guid":{"rendered":"http:\/\/csif.umh.es\/2013\/03\/11\/empleados-publicos-de-toda-espana-se-manifiestan-en-defensa-de-los-servicios-publicos-y-la-calidad-en-el-empleo\/"},"modified":"2013-03-11T09:34:41","modified_gmt":"2013-03-11T08:34:41","slug":"empleados-publicos-de-toda-espana-se-manifiestan-en-defensa-de-los-servicios-publicos-y-la-calidad-en-el-empleo","status":"publish","type":"post","link":"https:\/\/csif.umh.es\/en\/2013\/03\/11\/empleados-publicos-de-toda-espana-se-manifiestan-en-defensa-de-los-servicios-publicos-y-la-calidad-en-el-empleo\/","title":{"rendered":"<span lang=\"es\">(Espa\u00f1ol) Empleados p\u00fablicos de toda Espa\u00f1a se manifiestan en defensa de los servicios p\u00fablicos y la calidad en el empleo<\/span>"},"content":{"rendered":"<p><\/p>\n<\/p>\n<p><\/p>","protected":false},"excerpt":{"rendered":"","protected":false},"author":165,"featured_media":0,"comment_status":"closed","ping_status":"open","sticky":false,"template":"","format":"standard","meta":{"ngg_post_thumbnail":0,"_links_to":"","_links_to_target":""},"categories":[1],"tags":[],"_links":{"self":[{"href":"https:\/\/csif.umh.es\/en\/wp-json\/wp\/v2\/posts\/1192"}],"collection":[{"href":"https:\/\/csif.umh.es\/en\/wp-json\/wp\/v2\/posts"}],"about":[{"href":"https:\/\/csif.umh.es\/en\/wp-json\/wp\/v2\/types\/post"}],"author":[{"embeddable":true,"href":"https:\/\/csif.umh.es\/en\/wp-json\/wp\/v2\/users\/165"}],"replies":[{"embeddable":true,"href":"https:\/\/csif.umh.es\/en\/wp-json\/wp\/v2\/comments?post=1192"}],"version-history":[{"count":0,"href":"https:\/\/csif.umh.es\/en\/wp-json\/wp\/v2\/posts\/1192\/revisions"}],"wp:attachment":[{"href":"https:\/\/csif.umh.es\/en\/wp-json\/wp\/v2\/media?parent=1192"}],"wp:term":[{"taxonomy":"category","embeddable":true,"href":"https:\/\/csif.umh.es\/en\/wp-json\/wp\/v2\/categories?post=1192"},{"taxonomy":"post_tag","embeddable":true,"href":"https:\/\/csif.umh.es\/en\/wp-json\/wp\/v2\/tags?post=1192"}],"curies":[{"name":"wp","href":"https:\/\/api.w.org\/{rel}","templated":true}]}}