{"id":1179,"date":"2013-03-04T11:09:12","date_gmt":"2013-03-04T10:09:12","guid":{"rendered":"http:\/\/csif.umh.es\/2013\/03\/04\/empleados-publicos-de-toda-espana-saldran-a-las-calles-el-10-de-marzo-en-defensa-de-los-servicios-publicos-2\/"},"modified":"2013-03-04T11:09:12","modified_gmt":"2013-03-04T10:09:12","slug":"empleados-publicos-de-toda-espana-saldran-a-las-calles-el-10-de-marzo-en-defensa-de-los-servicios-publicos-2","status":"publish","type":"post","link":"https:\/\/csif.umh.es\/en\/2013\/03\/04\/empleados-publicos-de-toda-espana-saldran-a-las-calles-el-10-de-marzo-en-defensa-de-los-servicios-publicos-2\/","title":{"rendered":"<span lang=\"es\">(Espa\u00f1ol) Empleados p\u00fablicos de toda Espa\u00f1a saldr\u00e1n a las calles el 10 de marzo en defensa de los servicios p\u00fablicos<\/span>"},"content":{"rendered":"<p class=\"qtranxs-available-languages-message qtranxs-available-languages-message-en\">Sorry, this entry is only available in <a href=\"https:\/\/csif.umh.es\/es\/wp-json\/wp\/v2\/posts\/1179\" class=\"qtranxs-available-language-link qtranxs-available-language-link-es\" title=\"Espa\u00f1ol\">European Spanish<\/a>.<\/p>","protected":false},"excerpt":{"rendered":"<p>Sorry, this entry is only available in European Spanish.<\/p>\n","protected":false},"author":165,"featured_media":0,"comment_status":"closed","ping_status":"open","sticky":false,"template":"","format":"standard","meta":{"ngg_post_thumbnail":0,"_links_to":"","_links_to_target":""},"categories":[1],"tags":[],"_links":{"self":[{"href":"https:\/\/csif.umh.es\/en\/wp-json\/wp\/v2\/posts\/1179"}],"collection":[{"href":"https:\/\/csif.umh.es\/en\/wp-json\/wp\/v2\/posts"}],"about":[{"href":"https:\/\/csif.umh.es\/en\/wp-json\/wp\/v2\/types\/post"}],"author":[{"embeddable":true,"href":"https:\/\/csif.umh.es\/en\/wp-json\/wp\/v2\/users\/165"}],"replies":[{"embeddable":true,"href":"https:\/\/csif.umh.es\/en\/wp-json\/wp\/v2\/comments?post=1179"}],"version-history":[{"count":0,"href":"https:\/\/csif.umh.es\/en\/wp-json\/wp\/v2\/posts\/1179\/revisions"}],"wp:attachment":[{"href":"https:\/\/csif.umh.es\/en\/wp-json\/wp\/v2\/media?parent=1179"}],"wp:term":[{"taxonomy":"category","embeddable":true,"href":"https:\/\/csif.umh.es\/en\/wp-json\/wp\/v2\/categories?post=1179"},{"taxonomy":"post_tag","embeddable":true,"href":"https:\/\/csif.umh.es\/en\/wp-json\/wp\/v2\/tags?post=1179"}],"curies":[{"name":"wp","href":"https:\/\/api.w.org\/{rel}","templated":true}]}}