{"id":1111,"date":"2012-12-18T11:05:26","date_gmt":"2012-12-18T10:05:26","guid":{"rendered":"http:\/\/csif.umh.es\/2012\/12\/18\/la-seccion-sindical-os-desea-feliz-navidad-y-prospero-ano-nuevo-3\/"},"modified":"2012-12-18T13:51:15","modified_gmt":"2012-12-18T12:51:15","slug":"la-seccion-sindical-os-desea-feliz-navidad-y-prospero-ano-nuevo-3","status":"publish","type":"post","link":"https:\/\/csif.umh.es\/en\/2012\/12\/18\/la-seccion-sindical-os-desea-feliz-navidad-y-prospero-ano-nuevo-3\/","title":{"rendered":"<span lang=\"es\">(Espa\u00f1ol) La Secci\u00f3n Sindical os desea Feliz Navidad y Pr\u00f3spero A\u00f1o Nuevo<\/span>"},"content":{"rendered":"<p><\/p>\n<\/p>\n<p><\/p>","protected":false},"excerpt":{"rendered":"","protected":false},"author":165,"featured_media":0,"comment_status":"closed","ping_status":"open","sticky":false,"template":"","format":"standard","meta":{"ngg_post_thumbnail":0,"_links_to":"","_links_to_target":""},"categories":[1],"tags":[],"_links":{"self":[{"href":"https:\/\/csif.umh.es\/en\/wp-json\/wp\/v2\/posts\/1111"}],"collection":[{"href":"https:\/\/csif.umh.es\/en\/wp-json\/wp\/v2\/posts"}],"about":[{"href":"https:\/\/csif.umh.es\/en\/wp-json\/wp\/v2\/types\/post"}],"author":[{"embeddable":true,"href":"https:\/\/csif.umh.es\/en\/wp-json\/wp\/v2\/users\/165"}],"replies":[{"embeddable":true,"href":"https:\/\/csif.umh.es\/en\/wp-json\/wp\/v2\/comments?post=1111"}],"version-history":[{"count":0,"href":"https:\/\/csif.umh.es\/en\/wp-json\/wp\/v2\/posts\/1111\/revisions"}],"wp:attachment":[{"href":"https:\/\/csif.umh.es\/en\/wp-json\/wp\/v2\/media?parent=1111"}],"wp:term":[{"taxonomy":"category","embeddable":true,"href":"https:\/\/csif.umh.es\/en\/wp-json\/wp\/v2\/categories?post=1111"},{"taxonomy":"post_tag","embeddable":true,"href":"https:\/\/csif.umh.es\/en\/wp-json\/wp\/v2\/tags?post=1111"}],"curies":[{"name":"wp","href":"https:\/\/api.w.org\/{rel}","templated":true}]}}