{"id":1089,"date":"2012-12-11T10:39:28","date_gmt":"2012-12-11T09:39:28","guid":{"rendered":"http:\/\/csif.umh.es\/2012\/12\/11\/las-universidades-tendran-que-echar-docentes-asociados-para-pagar-las-nominas\/"},"modified":"2012-12-11T13:57:28","modified_gmt":"2012-12-11T12:57:28","slug":"las-universidades-tendran-que-echar-docentes-asociados-para-pagar-las-nominas","status":"publish","type":"post","link":"https:\/\/csif.umh.es\/en\/2012\/12\/11\/las-universidades-tendran-que-echar-docentes-asociados-para-pagar-las-nominas\/","title":{"rendered":"<span lang=\"es\">(Espa\u00f1ol) Las Universidades tendr\u00e1n que echar docentes asociados para pagar las n\u00f3minas<\/span>"},"content":{"rendered":"<p><\/p>\n<\/p>\n<p><\/p>","protected":false},"excerpt":{"rendered":"","protected":false},"author":165,"featured_media":0,"comment_status":"closed","ping_status":"open","sticky":false,"template":"","format":"standard","meta":{"ngg_post_thumbnail":0,"_links_to":"","_links_to_target":""},"categories":[1],"tags":[],"_links":{"self":[{"href":"https:\/\/csif.umh.es\/en\/wp-json\/wp\/v2\/posts\/1089"}],"collection":[{"href":"https:\/\/csif.umh.es\/en\/wp-json\/wp\/v2\/posts"}],"about":[{"href":"https:\/\/csif.umh.es\/en\/wp-json\/wp\/v2\/types\/post"}],"author":[{"embeddable":true,"href":"https:\/\/csif.umh.es\/en\/wp-json\/wp\/v2\/users\/165"}],"replies":[{"embeddable":true,"href":"https:\/\/csif.umh.es\/en\/wp-json\/wp\/v2\/comments?post=1089"}],"version-history":[{"count":0,"href":"https:\/\/csif.umh.es\/en\/wp-json\/wp\/v2\/posts\/1089\/revisions"}],"wp:attachment":[{"href":"https:\/\/csif.umh.es\/en\/wp-json\/wp\/v2\/media?parent=1089"}],"wp:term":[{"taxonomy":"category","embeddable":true,"href":"https:\/\/csif.umh.es\/en\/wp-json\/wp\/v2\/categories?post=1089"},{"taxonomy":"post_tag","embeddable":true,"href":"https:\/\/csif.umh.es\/en\/wp-json\/wp\/v2\/tags?post=1089"}],"curies":[{"name":"wp","href":"https:\/\/api.w.org\/{rel}","templated":true}]}}