{"id":1053,"date":"2012-11-12T23:02:33","date_gmt":"2012-11-12T22:02:33","guid":{"rendered":"http:\/\/csif.umh.es\/2012\/11\/12\/articulo-de-miguel-borra-para-la-razon-%c2%bfpor-que-csi-f-no-va-a-la-huelga\/"},"modified":"2012-11-12T23:08:19","modified_gmt":"2012-11-12T22:08:19","slug":"articulo-de-miguel-borra-para-la-razon-%c2%bfpor-que-csi-f-no-va-a-la-huelga","status":"publish","type":"post","link":"https:\/\/csif.umh.es\/en\/2012\/11\/12\/articulo-de-miguel-borra-para-la-razon-%c2%bfpor-que-csi-f-no-va-a-la-huelga\/","title":{"rendered":"<span lang=\"es\">(Espa\u00f1ol) Art\u00edculo de Miguel Borra para La Raz\u00f3n \u00bfPor qu\u00e9 CSI-F no va a la huelga?<\/span>"},"content":{"rendered":"<p><\/p>\n<\/p>\n<p><\/p>","protected":false},"excerpt":{"rendered":"","protected":false},"author":165,"featured_media":0,"comment_status":"closed","ping_status":"open","sticky":false,"template":"","format":"standard","meta":{"ngg_post_thumbnail":0,"_links_to":"","_links_to_target":""},"categories":[1],"tags":[],"_links":{"self":[{"href":"https:\/\/csif.umh.es\/en\/wp-json\/wp\/v2\/posts\/1053"}],"collection":[{"href":"https:\/\/csif.umh.es\/en\/wp-json\/wp\/v2\/posts"}],"about":[{"href":"https:\/\/csif.umh.es\/en\/wp-json\/wp\/v2\/types\/post"}],"author":[{"embeddable":true,"href":"https:\/\/csif.umh.es\/en\/wp-json\/wp\/v2\/users\/165"}],"replies":[{"embeddable":true,"href":"https:\/\/csif.umh.es\/en\/wp-json\/wp\/v2\/comments?post=1053"}],"version-history":[{"count":0,"href":"https:\/\/csif.umh.es\/en\/wp-json\/wp\/v2\/posts\/1053\/revisions"}],"wp:attachment":[{"href":"https:\/\/csif.umh.es\/en\/wp-json\/wp\/v2\/media?parent=1053"}],"wp:term":[{"taxonomy":"category","embeddable":true,"href":"https:\/\/csif.umh.es\/en\/wp-json\/wp\/v2\/categories?post=1053"},{"taxonomy":"post_tag","embeddable":true,"href":"https:\/\/csif.umh.es\/en\/wp-json\/wp\/v2\/tags?post=1053"}],"curies":[{"name":"wp","href":"https:\/\/api.w.org\/{rel}","templated":true}]}}