{"id":1045,"date":"2012-11-05T13:06:13","date_gmt":"2012-11-05T12:06:13","guid":{"rendered":"http:\/\/csif.umh.es\/2012\/11\/05\/resolucion-de-30-de-octubre-de-2012-de-la-direccion-general-de-empleo-por-la-que-se-publica-la-relacion-de-fiestas-laborales-para-el-ano-2013\/"},"modified":"2012-11-05T13:12:19","modified_gmt":"2012-11-05T12:12:19","slug":"resolucion-de-30-de-octubre-de-2012-de-la-direccion-general-de-empleo-por-la-que-se-publica-la-relacion-de-fiestas-laborales-para-el-ano-2013","status":"publish","type":"post","link":"https:\/\/csif.umh.es\/en\/2012\/11\/05\/resolucion-de-30-de-octubre-de-2012-de-la-direccion-general-de-empleo-por-la-que-se-publica-la-relacion-de-fiestas-laborales-para-el-ano-2013\/","title":{"rendered":"<span lang=\"es\">(Espa\u00f1ol) Resoluci\u00f3n de 30 de octubre de 2012, de la Direcci\u00f3n General de Empleo, por la que se publica la relaci\u00f3n de fiestas laborales para el a\u00f1o 2013.<\/span>"},"content":{"rendered":"<p><\/p>\n<\/p>\n<p><\/p>","protected":false},"excerpt":{"rendered":"","protected":false},"author":165,"featured_media":0,"comment_status":"closed","ping_status":"open","sticky":false,"template":"","format":"standard","meta":{"ngg_post_thumbnail":0,"_links_to":"","_links_to_target":""},"categories":[1],"tags":[],"_links":{"self":[{"href":"https:\/\/csif.umh.es\/en\/wp-json\/wp\/v2\/posts\/1045"}],"collection":[{"href":"https:\/\/csif.umh.es\/en\/wp-json\/wp\/v2\/posts"}],"about":[{"href":"https:\/\/csif.umh.es\/en\/wp-json\/wp\/v2\/types\/post"}],"author":[{"embeddable":true,"href":"https:\/\/csif.umh.es\/en\/wp-json\/wp\/v2\/users\/165"}],"replies":[{"embeddable":true,"href":"https:\/\/csif.umh.es\/en\/wp-json\/wp\/v2\/comments?post=1045"}],"version-history":[{"count":0,"href":"https:\/\/csif.umh.es\/en\/wp-json\/wp\/v2\/posts\/1045\/revisions"}],"wp:attachment":[{"href":"https:\/\/csif.umh.es\/en\/wp-json\/wp\/v2\/media?parent=1045"}],"wp:term":[{"taxonomy":"category","embeddable":true,"href":"https:\/\/csif.umh.es\/en\/wp-json\/wp\/v2\/categories?post=1045"},{"taxonomy":"post_tag","embeddable":true,"href":"https:\/\/csif.umh.es\/en\/wp-json\/wp\/v2\/tags?post=1045"}],"curies":[{"name":"wp","href":"https:\/\/api.w.org\/{rel}","templated":true}]}}