{"id":895,"date":"2012-09-12T12:54:51","date_gmt":"2012-09-12T12:54:51","guid":{"rendered":"http:\/\/csif.umh.es\/2012\/09\/12\/concentraciones-ante-las-sedes-del-gobierno\/"},"modified":"2012-09-12T12:56:24","modified_gmt":"2012-09-12T12:56:24","slug":"concentraciones-ante-las-sedes-del-gobierno","status":"publish","type":"post","link":"https:\/\/csif.umh.es\/ca\/2012\/09\/12\/concentraciones-ante-las-sedes-del-gobierno\/","title":{"rendered":"Concentraciones ante las sedes del Gobierno"},"content":{"rendered":"<p><\/p>\n<p>Mi\u00e9rcoles, 12\/09\/2012<\/p>\n<p>La Plataforma Sindical, de la que forma parte CSI\u00b7F, ha reunido a cientos de trabajadores ante la sede de Delegaci\u00f3n del Gobierno en Valencia y de las subdelegaciones del Gobierno en Castell\u00f3n y Alicante. El motivo de estas concentraciones, englobadas dentro de la jornada de lucha convocada hoy, consiste en mostrar el malestar por los recortes decretados por el Gobierno. En los pr\u00f3ximos d\u00edas continuar\u00e1n las movilizaciones, centradas ahora en la marcha a Madrid del s\u00e1bado 15.<\/p>\n<p><\/p>","protected":false},"excerpt":{"rendered":"<p>Mi\u00e9rcoles, 12\/09\/2012<br \/>\nLa Plataforma Sindical, de la que forma parte CSI\u00b7F, ha reunido a cientos de trabajadores ante la sede de Delegaci\u00f3n del Gobierno en Valencia y de las subdelegaciones del Gobierno en Castell\u00f3n y Alicante. El motivo de estas concentraciones, englobadas dentro de la jornada de lucha convocada hoy, consiste en mostrar el malestar por [&#8230;]<\/p>\n","protected":false},"author":165,"featured_media":0,"comment_status":"closed","ping_status":"open","sticky":false,"template":"","format":"standard","meta":{"ngg_post_thumbnail":0,"_links_to":"","_links_to_target":""},"categories":[1],"tags":[],"_links":{"self":[{"href":"https:\/\/csif.umh.es\/ca\/wp-json\/wp\/v2\/posts\/895"}],"collection":[{"href":"https:\/\/csif.umh.es\/ca\/wp-json\/wp\/v2\/posts"}],"about":[{"href":"https:\/\/csif.umh.es\/ca\/wp-json\/wp\/v2\/types\/post"}],"author":[{"embeddable":true,"href":"https:\/\/csif.umh.es\/ca\/wp-json\/wp\/v2\/users\/165"}],"replies":[{"embeddable":true,"href":"https:\/\/csif.umh.es\/ca\/wp-json\/wp\/v2\/comments?post=895"}],"version-history":[{"count":0,"href":"https:\/\/csif.umh.es\/ca\/wp-json\/wp\/v2\/posts\/895\/revisions"}],"wp:attachment":[{"href":"https:\/\/csif.umh.es\/ca\/wp-json\/wp\/v2\/media?parent=895"}],"wp:term":[{"taxonomy":"category","embeddable":true,"href":"https:\/\/csif.umh.es\/ca\/wp-json\/wp\/v2\/categories?post=895"},{"taxonomy":"post_tag","embeddable":true,"href":"https:\/\/csif.umh.es\/ca\/wp-json\/wp\/v2\/tags?post=895"}],"curies":[{"name":"wp","href":"https:\/\/api.w.org\/{rel}","templated":true}]}}