{"id":893,"date":"2012-09-11T11:48:44","date_gmt":"2012-09-11T11:48:44","guid":{"rendered":"http:\/\/csif.umh.es\/2012\/09\/11\/los-sindicatos-de-administracion-central-animan-a-participar-en-la-marcha-del-15-s\/"},"modified":"2012-09-12T13:00:11","modified_gmt":"2012-09-12T13:00:11","slug":"los-sindicatos-de-administracion-central-animan-a-participar-en-la-marcha-del-15-s","status":"publish","type":"post","link":"https:\/\/csif.umh.es\/ca\/2012\/09\/11\/los-sindicatos-de-administracion-central-animan-a-participar-en-la-marcha-del-15-s\/","title":{"rendered":"Los sindicatos de administraci\u00f3n central animan a participar en la marcha del 15-S"},"content":{"rendered":"<p><\/p>\n<p><p>Los sindicatos m\u00e1s representativos de Administraci\u00f3n Central en la provincia de Valencia han mantenido una reuni\u00f3n esta ma\u00f1ana para ultimar los preparativos de la marcha a Madrid del pr\u00f3ximo s\u00e1bado. Todos han coincidido en que los empleados p\u00fablicos est\u00e1n sufriendo el resultando de una ineficaz gesti\u00f3n y en que las medidas aprobadas por el gobierno contribuyen a desmantelar el sector p\u00fablico.<\/p>\n<p>Leer m\u00e1s<\/p>\n<\/p>\n<p><\/p>","protected":false},"excerpt":{"rendered":"<p>Los sindicatos m\u00e1s representativos de Administraci\u00f3n Central en la provincia de Valencia han mantenido una reuni\u00f3n esta ma\u00f1ana para ultimar los preparativos de la marcha a Madrid del pr\u00f3ximo s\u00e1bado. Todos han coincidido en que los empleados p\u00fablicos est\u00e1n sufriendo el resultando de una ineficaz gesti\u00f3n y en que las medidas aprobadas por el gobierno [&#8230;]<\/p>\n","protected":false},"author":165,"featured_media":0,"comment_status":"closed","ping_status":"open","sticky":false,"template":"","format":"standard","meta":{"ngg_post_thumbnail":0,"_links_to":"","_links_to_target":""},"categories":[1],"tags":[],"_links":{"self":[{"href":"https:\/\/csif.umh.es\/ca\/wp-json\/wp\/v2\/posts\/893"}],"collection":[{"href":"https:\/\/csif.umh.es\/ca\/wp-json\/wp\/v2\/posts"}],"about":[{"href":"https:\/\/csif.umh.es\/ca\/wp-json\/wp\/v2\/types\/post"}],"author":[{"embeddable":true,"href":"https:\/\/csif.umh.es\/ca\/wp-json\/wp\/v2\/users\/165"}],"replies":[{"embeddable":true,"href":"https:\/\/csif.umh.es\/ca\/wp-json\/wp\/v2\/comments?post=893"}],"version-history":[{"count":0,"href":"https:\/\/csif.umh.es\/ca\/wp-json\/wp\/v2\/posts\/893\/revisions"}],"wp:attachment":[{"href":"https:\/\/csif.umh.es\/ca\/wp-json\/wp\/v2\/media?parent=893"}],"wp:term":[{"taxonomy":"category","embeddable":true,"href":"https:\/\/csif.umh.es\/ca\/wp-json\/wp\/v2\/categories?post=893"},{"taxonomy":"post_tag","embeddable":true,"href":"https:\/\/csif.umh.es\/ca\/wp-json\/wp\/v2\/tags?post=893"}],"curies":[{"name":"wp","href":"https:\/\/api.w.org\/{rel}","templated":true}]}}