{"id":891,"date":"2012-09-11T11:39:12","date_gmt":"2012-09-11T11:39:12","guid":{"rendered":"http:\/\/csif.umh.es\/2012\/09\/11\/csi-f-espera-que-varios-cientos-de-miles-de-empleados-publicos-de-toda-espana-participen-en-la-marcha-a-madrid-el-proximo-dia-15\/"},"modified":"2012-09-11T11:43:25","modified_gmt":"2012-09-11T11:43:25","slug":"csi-f-espera-que-varios-cientos-de-miles-de-empleados-publicos-de-toda-espana-participen-en-la-marcha-a-madrid-el-proximo-dia-15","status":"publish","type":"post","link":"https:\/\/csif.umh.es\/ca\/2012\/09\/11\/csi-f-espera-que-varios-cientos-de-miles-de-empleados-publicos-de-toda-espana-participen-en-la-marcha-a-madrid-el-proximo-dia-15\/","title":{"rendered":"CSI-F espera que varios cientos de miles de empleados p\u00fablicos de toda Espa\u00f1a participen en la Marcha a Madrid el pr\u00f3ximo d\u00eda 15"},"content":{"rendered":"<p><\/p>\n<p><p>Martes, 11\/09\/2012<\/p>\n<p>La Central Sindical Independiente y de Funcionarios (CSI-F) calcula que varios cientos de miles de empleados p\u00fablicos de toda Espa\u00f1a participar\u00e1n el pr\u00f3ximo s\u00e1bado en la Marcha a Madrid para trasladar al Gobierno y al conjunto de las administraciones su rechazo a los recortes injustos e ineficaces sobre la sociedad espa\u00f1ola y en particular, en  el colectivo de empleados p\u00fablicos. Nos movilizamos para luchar por nuestras condiciones laborales y tambi\u00e9n por todos y cada uno de los ciudadanos espa\u00f1oles defendiendo los servicios p\u00fablicos de nuestro pa\u00eds.<\/p>\n<p>El presidente de CSI-F, Miguel Borra, particip\u00f3 hoy en la rueda de prensa de la Cumbre Social, donde se explicaron los preparativos de la manifestaci\u00f3n de este s\u00e1bado as\u00ed como las diferentes medidas de presi\u00f3n que se llevar\u00e1n a cabo a lo largo de las pr\u00f3ximas semanas.<br \/>\nLeer m\u00e1s<\/p>\n<\/p>\n<p><\/p>","protected":false},"excerpt":{"rendered":"<p>Martes, 11\/09\/2012<br \/>\nLa Central Sindical Independiente y de Funcionarios (CSI-F) calcula que varios cientos de miles de empleados p\u00fablicos de toda Espa\u00f1a participar\u00e1n el pr\u00f3ximo s\u00e1bado en la Marcha a Madrid para trasladar al Gobierno y al conjunto de las administraciones su rechazo a los recortes injustos e ineficaces sobre la sociedad espa\u00f1ola y en particular, [&#8230;]<\/p>\n","protected":false},"author":165,"featured_media":0,"comment_status":"closed","ping_status":"open","sticky":false,"template":"","format":"standard","meta":{"ngg_post_thumbnail":0,"_links_to":"","_links_to_target":""},"categories":[1],"tags":[],"_links":{"self":[{"href":"https:\/\/csif.umh.es\/ca\/wp-json\/wp\/v2\/posts\/891"}],"collection":[{"href":"https:\/\/csif.umh.es\/ca\/wp-json\/wp\/v2\/posts"}],"about":[{"href":"https:\/\/csif.umh.es\/ca\/wp-json\/wp\/v2\/types\/post"}],"author":[{"embeddable":true,"href":"https:\/\/csif.umh.es\/ca\/wp-json\/wp\/v2\/users\/165"}],"replies":[{"embeddable":true,"href":"https:\/\/csif.umh.es\/ca\/wp-json\/wp\/v2\/comments?post=891"}],"version-history":[{"count":0,"href":"https:\/\/csif.umh.es\/ca\/wp-json\/wp\/v2\/posts\/891\/revisions"}],"wp:attachment":[{"href":"https:\/\/csif.umh.es\/ca\/wp-json\/wp\/v2\/media?parent=891"}],"wp:term":[{"taxonomy":"category","embeddable":true,"href":"https:\/\/csif.umh.es\/ca\/wp-json\/wp\/v2\/categories?post=891"},{"taxonomy":"post_tag","embeddable":true,"href":"https:\/\/csif.umh.es\/ca\/wp-json\/wp\/v2\/tags?post=891"}],"curies":[{"name":"wp","href":"https:\/\/api.w.org\/{rel}","templated":true}]}}