{"id":877,"date":"2012-09-06T14:06:17","date_gmt":"2012-09-06T14:06:17","guid":{"rendered":"http:\/\/csif.umh.es\/2012\/09\/06\/plataforma-de-defensa-de-los-empleados-publicos\/"},"modified":"2012-09-06T14:08:31","modified_gmt":"2012-09-06T14:08:31","slug":"plataforma-de-defensa-de-los-empleados-publicos","status":"publish","type":"post","link":"https:\/\/csif.umh.es\/ca\/2012\/09\/06\/plataforma-de-defensa-de-los-empleados-publicos\/","title":{"rendered":"Plataforma de defensa de los empleados p\u00fablicos"},"content":{"rendered":"<p><\/p>\n<p>Jueves, 06\/09\/2012<br \/>\nCSI\u00b7F forma parte de la Plataforma Valenciana Sindical y de Asociaciones Profesionales de Empleadas y Empleados P\u00fablicos que impulsa, en la Comunidad Valenciana, las acciones y movilizaciones en defensa de los trabajadores de la administraci\u00f3n. Uno de los objetivos principales de esta plataforma consiste en plantar cara a los continuos ataques contra las condiciones laborales de los empleados por parte del Gobierno estatal y del auton\u00f3mico. Esta agrupaci\u00f3n se gest\u00f3 el pasado mi\u00e9rcoles d\u00eda cinco de septiembre y comienza con 14 entidades. El documento adjunto explica los detalles.<\/p>\n<p>Adjunto<br \/>\nDOCUMENTO DE CONSTITUCI\u00d3N PLATAFORMA VALENCIANA<\/p>\n<p><\/p>","protected":false},"excerpt":{"rendered":"<p>Jueves, 06\/09\/2012<br \/>\nCSI\u00b7F forma parte de la Plataforma Valenciana Sindical y de Asociaciones Profesionales de Empleadas y Empleados P\u00fablicos que impulsa, en la Comunidad Valenciana, las acciones y movilizaciones en defensa de los trabajadores de la administraci\u00f3n. Uno de los objetivos principales de esta plataforma consiste en plantar cara a los continuos ataques contra las condiciones [&#8230;]<\/p>\n","protected":false},"author":165,"featured_media":0,"comment_status":"closed","ping_status":"open","sticky":false,"template":"","format":"standard","meta":{"ngg_post_thumbnail":0,"_links_to":"","_links_to_target":""},"categories":[1],"tags":[],"_links":{"self":[{"href":"https:\/\/csif.umh.es\/ca\/wp-json\/wp\/v2\/posts\/877"}],"collection":[{"href":"https:\/\/csif.umh.es\/ca\/wp-json\/wp\/v2\/posts"}],"about":[{"href":"https:\/\/csif.umh.es\/ca\/wp-json\/wp\/v2\/types\/post"}],"author":[{"embeddable":true,"href":"https:\/\/csif.umh.es\/ca\/wp-json\/wp\/v2\/users\/165"}],"replies":[{"embeddable":true,"href":"https:\/\/csif.umh.es\/ca\/wp-json\/wp\/v2\/comments?post=877"}],"version-history":[{"count":0,"href":"https:\/\/csif.umh.es\/ca\/wp-json\/wp\/v2\/posts\/877\/revisions"}],"wp:attachment":[{"href":"https:\/\/csif.umh.es\/ca\/wp-json\/wp\/v2\/media?parent=877"}],"wp:term":[{"taxonomy":"category","embeddable":true,"href":"https:\/\/csif.umh.es\/ca\/wp-json\/wp\/v2\/categories?post=877"},{"taxonomy":"post_tag","embeddable":true,"href":"https:\/\/csif.umh.es\/ca\/wp-json\/wp\/v2\/tags?post=877"}],"curies":[{"name":"wp","href":"https:\/\/api.w.org\/{rel}","templated":true}]}}