{"id":875,"date":"2012-09-05T21:30:00","date_gmt":"2012-09-05T21:30:00","guid":{"rendered":"http:\/\/csif.umh.es\/2012\/09\/05\/csi-f-y-el-resto-de-sindicatos-del-sector-publico-convocan-una-jornada-de-lucha-el-12-de-septiembre-contra-los-recortes\/"},"modified":"2012-09-12T12:57:48","modified_gmt":"2012-09-12T12:57:48","slug":"csi-f-y-el-resto-de-sindicatos-del-sector-publico-convocan-una-jornada-de-lucha-el-12-de-septiembre-contra-los-recortes","status":"publish","type":"post","link":"https:\/\/csif.umh.es\/ca\/2012\/09\/05\/csi-f-y-el-resto-de-sindicatos-del-sector-publico-convocan-una-jornada-de-lucha-el-12-de-septiembre-contra-los-recortes\/","title":{"rendered":"CSI-F y el resto de sindicatos del Sector P\u00fablico convocan una jornada de lucha el 12 de septiembre contra los recortes"},"content":{"rendered":"<p><\/p>\n<p><p>Mi\u00e9rcoles, 05\/09\/2012<br \/>\nLa Central Sindical Independiente y de Funcionarios (CSI-F) , UGT, CC.OO. y  cerca de una treintena de organizaciones presentes en la  Plataforma Sindical y de Asociaciones profesionales de Empleadas y Empleados P\u00fablicos acordaron en el d\u00eda de ayer la convocatoria de una jornada de lucha contra los recortes en el conjunto de las Administraciones P\u00fablicas, el pr\u00f3ximo 12 de septiembre.<br \/>\nDurante la jornada de lucha se organizar\u00e1n concentraciones de empleados p\u00fablicos en todos los centros de trabajo y una gran concentraci\u00f3n en Madrid, frente a la sede de los Nuevos Ministerios.<br \/>\nLos sindicatos pretenden intensificar de manera progresiva las medidas de presi\u00f3n, que tendr\u00e1n su colof\u00f3n en la gran manifestaci\u00f3n convocada en Madrid para el d\u00eda 15. Esta manifestaci\u00f3n ser\u00e1 continuada por jornadas de lucha sectoriales, con protestas diarias en los diferentes \u00e1mbitos de la Administraci\u00f3n.<br \/>\nAsimismo, la Plataforma redact\u00f3 un manifiesto dirigido al Gobierno, con medidas alternativas a los recortes.<\/p>\n<p>Adjunto<br \/>\nMANIFIESTO DE LA PLATAFORMA<\/p>\n<\/p>\n<p><\/p>","protected":false},"excerpt":{"rendered":"<p>Mi\u00e9rcoles, 05\/09\/2012<br \/>\nLa Central Sindical Independiente y de Funcionarios (CSI-F) , UGT, CC.OO. y  cerca de una treintena de organizaciones presentes en la  Plataforma Sindical y de Asociaciones profesionales de Empleadas y Empleados P\u00fablicos acordaron en el d\u00eda de ayer la convocatoria de una jornada de lucha contra los recortes en el conjunto de [&#8230;]<\/p>\n","protected":false},"author":165,"featured_media":0,"comment_status":"closed","ping_status":"open","sticky":false,"template":"","format":"standard","meta":{"ngg_post_thumbnail":0,"_links_to":"","_links_to_target":""},"categories":[1],"tags":[],"_links":{"self":[{"href":"https:\/\/csif.umh.es\/ca\/wp-json\/wp\/v2\/posts\/875"}],"collection":[{"href":"https:\/\/csif.umh.es\/ca\/wp-json\/wp\/v2\/posts"}],"about":[{"href":"https:\/\/csif.umh.es\/ca\/wp-json\/wp\/v2\/types\/post"}],"author":[{"embeddable":true,"href":"https:\/\/csif.umh.es\/ca\/wp-json\/wp\/v2\/users\/165"}],"replies":[{"embeddable":true,"href":"https:\/\/csif.umh.es\/ca\/wp-json\/wp\/v2\/comments?post=875"}],"version-history":[{"count":0,"href":"https:\/\/csif.umh.es\/ca\/wp-json\/wp\/v2\/posts\/875\/revisions"}],"wp:attachment":[{"href":"https:\/\/csif.umh.es\/ca\/wp-json\/wp\/v2\/media?parent=875"}],"wp:term":[{"taxonomy":"category","embeddable":true,"href":"https:\/\/csif.umh.es\/ca\/wp-json\/wp\/v2\/categories?post=875"},{"taxonomy":"post_tag","embeddable":true,"href":"https:\/\/csif.umh.es\/ca\/wp-json\/wp\/v2\/tags?post=875"}],"curies":[{"name":"wp","href":"https:\/\/api.w.org\/{rel}","templated":true}]}}