{"id":873,"date":"2012-09-04T10:25:21","date_gmt":"2012-09-04T10:25:21","guid":{"rendered":"http:\/\/csif.umh.es\/2012\/09\/04\/mas-de-170-000-personas-han-causado-baja-en-la-seguridad-social-en-lo-que-va-de-ano-en-administracion-defensa-educacion-y-sanidad\/"},"modified":"2012-09-04T10:28:28","modified_gmt":"2012-09-04T10:28:28","slug":"mas-de-170-000-personas-han-causado-baja-en-la-seguridad-social-en-lo-que-va-de-ano-en-administracion-defensa-educacion-y-sanidad","status":"publish","type":"post","link":"https:\/\/csif.umh.es\/ca\/2012\/09\/04\/mas-de-170-000-personas-han-causado-baja-en-la-seguridad-social-en-lo-que-va-de-ano-en-administracion-defensa-educacion-y-sanidad\/","title":{"rendered":"M\u00e1s de 170.000 personas han causado baja en la Seguridad Social en lo que va de a\u00f1o, en Administraci\u00f3n, Defensa, Educaci\u00f3n y Sanidad"},"content":{"rendered":"<p><\/p>\n<p><p>Martes, 04\/09\/2012<\/p>\n<p>Un total de 170.869 personas han causado baja en el R\u00e9gimen General de la Seguridad Social en lo que va de a\u00f1o, en los sectores de Administraci\u00f3n P\u00fablica y Defensa, Educaci\u00f3n, actividades sanitarias y servicios sociales.<\/p>\n<p>Seg\u00fan los datos publicados hoy por el Ministerio de Empleo y Seguridad Social, el sector de Administraci\u00f3n P\u00fablica registra una ca\u00edda del 7,71 por ciento, respecto al mismo periodo del a\u00f1o anterior, con lo que se convierte en el cuarto sector con una mayor p\u00e9rdida porcentual de afiliados, por detr\u00e1s de la Construcci\u00f3n, las Industrias extractivas, y el Campo.<\/p>\n<p>La Central Sindical, Independiente y de Funcionarios (CSI-F) quiere llamar la atenci\u00f3n sobre la p\u00e9rdida de afiliados en el sector de Educaci\u00f3n, que en los meses de junio, julio y agosto registr\u00f3 un descenso de 38.084, 74.327 y 44.585, respectivamente.<\/p>\n<p>Leer m\u00e1s<\/p>\n<\/p>\n<p><\/p>","protected":false},"excerpt":{"rendered":"<p>Martes, 04\/09\/2012<br \/>\nUn total de 170.869 personas han causado baja en el R\u00e9gimen General de la Seguridad Social en lo que va de a\u00f1o, en los sectores de Administraci\u00f3n P\u00fablica y Defensa, Educaci\u00f3n, actividades sanitarias y servicios sociales.<br \/>\nSeg\u00fan los datos publicados hoy por el Ministerio de Empleo y Seguridad Social, el sector de Administraci\u00f3n P\u00fablica registra [&#8230;]<\/p>\n","protected":false},"author":1,"featured_media":0,"comment_status":"closed","ping_status":"open","sticky":false,"template":"","format":"standard","meta":{"ngg_post_thumbnail":0,"_links_to":"","_links_to_target":""},"categories":[1],"tags":[],"_links":{"self":[{"href":"https:\/\/csif.umh.es\/ca\/wp-json\/wp\/v2\/posts\/873"}],"collection":[{"href":"https:\/\/csif.umh.es\/ca\/wp-json\/wp\/v2\/posts"}],"about":[{"href":"https:\/\/csif.umh.es\/ca\/wp-json\/wp\/v2\/types\/post"}],"author":[{"embeddable":true,"href":"https:\/\/csif.umh.es\/ca\/wp-json\/wp\/v2\/users\/1"}],"replies":[{"embeddable":true,"href":"https:\/\/csif.umh.es\/ca\/wp-json\/wp\/v2\/comments?post=873"}],"version-history":[{"count":0,"href":"https:\/\/csif.umh.es\/ca\/wp-json\/wp\/v2\/posts\/873\/revisions"}],"wp:attachment":[{"href":"https:\/\/csif.umh.es\/ca\/wp-json\/wp\/v2\/media?parent=873"}],"wp:term":[{"taxonomy":"category","embeddable":true,"href":"https:\/\/csif.umh.es\/ca\/wp-json\/wp\/v2\/categories?post=873"},{"taxonomy":"post_tag","embeddable":true,"href":"https:\/\/csif.umh.es\/ca\/wp-json\/wp\/v2\/tags?post=873"}],"curies":[{"name":"wp","href":"https:\/\/api.w.org\/{rel}","templated":true}]}}