{"id":862,"date":"2012-07-26T10:30:20","date_gmt":"2012-07-26T10:30:20","guid":{"rendered":"http:\/\/csif.umh.es\/2012\/07\/26\/declaraciones-del-presidente-csi-f-reg-murcia-sobre-la-devolucion-de-la-paga-extra-de-navidad\/"},"modified":"2012-07-26T10:32:22","modified_gmt":"2012-07-26T10:32:22","slug":"declaraciones-del-presidente-csi-f-reg-murcia-sobre-la-devolucion-de-la-paga-extra-de-navidad","status":"publish","type":"post","link":"https:\/\/csif.umh.es\/ca\/2012\/07\/26\/declaraciones-del-presidente-csi-f-reg-murcia-sobre-la-devolucion-de-la-paga-extra-de-navidad\/","title":{"rendered":"Declaraciones del Presidente CSI.F. Reg Murcia, sobre la devoluci\u00f3n de la paga extra de navidad."},"content":{"rendered":"<p><\/p>\n<p><p><a href=\"https:\/\/csif.umh.es\/files\/2012\/07\/25072012.jpg\"><img loading=\"lazy\" src=\"https:\/\/csif.umh.es\/files\/2012\/07\/25072012.jpg\" alt=\"\" title=\"25072012\" width=\"330\" height=\"179\" class=\"alignleft size-full wp-image-861\" srcset=\"https:\/\/csif.umh.es\/files\/2012\/07\/25072012.jpg 330w, https:\/\/csif.umh.es\/files\/2012\/07\/25072012-300x162.jpg 300w\" sizes=\"(max-width: 330px) 100vw, 330px\" \/><\/a><\/p>\n<p>Mi\u00e9rcoles, 25\/07\/2012<br \/>\nOs adjuntamos la noticia, publicada hoy en el diario la Verdad de la Regi\u00f3n de Murcia, con las declaraciones realizadas por el presidente auton\u00f3mico del Sindicato CSI.F, Juan Miguel L\u00f3pez Blanco, en relaci\u00f3n a la devoluci\u00f3n del 25% que corresponde a todos los funcionarios, de la paga extra de navidad.<\/p>\n<p>\u25ba Diario la Verdad. Ver declaraciones de Hoy 25-07-2012: Miles de funcionarios reclaman para tratar de salvar un 25% de su extra<\/p>\n<p>\u25ba Diario la Verdad. Ver Noticia publicada ayer, 24-07-2012: Los funcionarios cobrar\u00e1n un 25% de la extra de Navidad este a\u00f1o y completa en 2013<\/p>\n<p>\u25ba  Ver Informas y Modelo Reclamaci\u00f3n.<\/p>\n<p>Leer m\u00e1s<\/p>\n<\/p>\n<p><\/p>","protected":false},"excerpt":{"rendered":"<p>Mi\u00e9rcoles, 25\/07\/2012<br \/>\nOs adjuntamos la noticia, publicada hoy en el diario la Verdad de la Regi\u00f3n de Murcia, con las declaraciones realizadas por el presidente auton\u00f3mico del Sindicato CSI.F, Juan Miguel L\u00f3pez Blanco, en relaci\u00f3n a la devoluci\u00f3n del 25% que corresponde a todos los funcionarios, de la paga extra de navidad.<br \/>\n\u25ba Diario la Verdad. Ver [&#8230;]<\/p>\n","protected":false},"author":165,"featured_media":0,"comment_status":"closed","ping_status":"open","sticky":false,"template":"","format":"standard","meta":{"ngg_post_thumbnail":0,"_links_to":"","_links_to_target":""},"categories":[1],"tags":[],"_links":{"self":[{"href":"https:\/\/csif.umh.es\/ca\/wp-json\/wp\/v2\/posts\/862"}],"collection":[{"href":"https:\/\/csif.umh.es\/ca\/wp-json\/wp\/v2\/posts"}],"about":[{"href":"https:\/\/csif.umh.es\/ca\/wp-json\/wp\/v2\/types\/post"}],"author":[{"embeddable":true,"href":"https:\/\/csif.umh.es\/ca\/wp-json\/wp\/v2\/users\/165"}],"replies":[{"embeddable":true,"href":"https:\/\/csif.umh.es\/ca\/wp-json\/wp\/v2\/comments?post=862"}],"version-history":[{"count":0,"href":"https:\/\/csif.umh.es\/ca\/wp-json\/wp\/v2\/posts\/862\/revisions"}],"wp:attachment":[{"href":"https:\/\/csif.umh.es\/ca\/wp-json\/wp\/v2\/media?parent=862"}],"wp:term":[{"taxonomy":"category","embeddable":true,"href":"https:\/\/csif.umh.es\/ca\/wp-json\/wp\/v2\/categories?post=862"},{"taxonomy":"post_tag","embeddable":true,"href":"https:\/\/csif.umh.es\/ca\/wp-json\/wp\/v2\/tags?post=862"}],"curies":[{"name":"wp","href":"https:\/\/api.w.org\/{rel}","templated":true}]}}