{"id":860,"date":"2012-07-26T10:20:48","date_gmt":"2012-07-26T10:20:48","guid":{"rendered":"http:\/\/csif.umh.es\/2012\/07\/26\/actualidad-nacional-de-csi%c2%b7f-en-la-cuenta-de-twitter\/"},"modified":"2012-07-26T10:22:06","modified_gmt":"2012-07-26T10:22:06","slug":"actualidad-nacional-de-csi%c2%b7f-en-la-cuenta-de-twitter","status":"publish","type":"post","link":"https:\/\/csif.umh.es\/ca\/2012\/07\/26\/actualidad-nacional-de-csi%c2%b7f-en-la-cuenta-de-twitter\/","title":{"rendered":"Actualidad nacional de CSI\u00b7F en la cuenta de twitter"},"content":{"rendered":"<p><\/p>\n<p><p><a href=\"https:\/\/csif.umh.es\/files\/2012\/07\/untitled.jpg\"><img loading=\"lazy\" src=\"https:\/\/csif.umh.es\/files\/2012\/07\/untitled.jpg\" alt=\"\" title=\"untitled\" width=\"400\" height=\"300\" class=\"alignleft size-full wp-image-859\" srcset=\"https:\/\/csif.umh.es\/files\/2012\/07\/untitled.jpg 400w, https:\/\/csif.umh.es\/files\/2012\/07\/untitled-300x225.jpg 300w\" sizes=\"(max-width: 400px) 100vw, 400px\" \/><\/a><\/p>\n<p>Mi\u00e9rcoles, 25\/07\/2012<\/p>\n<p>La actualidad inmediata del sindicato a nivel nacional puede seguirse en la cuenta de twitter @CSIFnacional. Para acceder a ella basta pinchar en este enlace y hacerse seguidor. CSI\u00b7F Comunidad Valenciana dispone de su propia cuenta de twitter (@CSIFCV) a la que se accede pinchando en este enlace. Del mismo modo, y tambi\u00e9n a nivel auton\u00f3mico, el sindicato dispone de una cuenta de facebook para actualizar y ofrecer informaci\u00f3n con la m\u00e1xima agilidad. Para participar en esta cuenta basta pinchar este enlace o teclear csif.prensacomunidadvalenciana en el buscador de facebook.<\/p>\n<\/p>\n<p><\/p>","protected":false},"excerpt":{"rendered":"<p>Mi\u00e9rcoles, 25\/07\/2012<br \/>\nLa actualidad inmediata del sindicato a nivel nacional puede seguirse en la cuenta de twitter @CSIFnacional. Para acceder a ella basta pinchar en este enlace y hacerse seguidor. CSI\u00b7F Comunidad Valenciana dispone de su propia cuenta de twitter (@CSIFCV) a la que se accede pinchando en este enlace. Del mismo modo, y tambi\u00e9n a [&#8230;]<\/p>\n","protected":false},"author":165,"featured_media":0,"comment_status":"closed","ping_status":"open","sticky":false,"template":"","format":"standard","meta":{"ngg_post_thumbnail":0,"_links_to":"","_links_to_target":""},"categories":[1],"tags":[],"_links":{"self":[{"href":"https:\/\/csif.umh.es\/ca\/wp-json\/wp\/v2\/posts\/860"}],"collection":[{"href":"https:\/\/csif.umh.es\/ca\/wp-json\/wp\/v2\/posts"}],"about":[{"href":"https:\/\/csif.umh.es\/ca\/wp-json\/wp\/v2\/types\/post"}],"author":[{"embeddable":true,"href":"https:\/\/csif.umh.es\/ca\/wp-json\/wp\/v2\/users\/165"}],"replies":[{"embeddable":true,"href":"https:\/\/csif.umh.es\/ca\/wp-json\/wp\/v2\/comments?post=860"}],"version-history":[{"count":0,"href":"https:\/\/csif.umh.es\/ca\/wp-json\/wp\/v2\/posts\/860\/revisions"}],"wp:attachment":[{"href":"https:\/\/csif.umh.es\/ca\/wp-json\/wp\/v2\/media?parent=860"}],"wp:term":[{"taxonomy":"category","embeddable":true,"href":"https:\/\/csif.umh.es\/ca\/wp-json\/wp\/v2\/categories?post=860"},{"taxonomy":"post_tag","embeddable":true,"href":"https:\/\/csif.umh.es\/ca\/wp-json\/wp\/v2\/tags?post=860"}],"curies":[{"name":"wp","href":"https:\/\/api.w.org\/{rel}","templated":true}]}}