{"id":858,"date":"2012-07-26T10:13:55","date_gmt":"2012-07-26T10:13:55","guid":{"rendered":"http:\/\/csif.umh.es\/2012\/07\/26\/csi-f-se-reune-con-la-confederacion-espanola-de-policia-para-analizar-los-efectos-de-los-recortes-y-coordinar-medidas-de-presion\/"},"modified":"2012-07-26T10:15:31","modified_gmt":"2012-07-26T10:15:31","slug":"csi-f-se-reune-con-la-confederacion-espanola-de-policia-para-analizar-los-efectos-de-los-recortes-y-coordinar-medidas-de-presion","status":"publish","type":"post","link":"https:\/\/csif.umh.es\/ca\/2012\/07\/26\/csi-f-se-reune-con-la-confederacion-espanola-de-policia-para-analizar-los-efectos-de-los-recortes-y-coordinar-medidas-de-presion\/","title":{"rendered":"CSI-F se re\u00fane con la Confederaci\u00f3n Espa\u00f1ola de Polic\u00eda para analizar los efectos de los recortes y coordinar medidas de presi\u00f3n"},"content":{"rendered":"<p><\/p>\n<p><p><a href=\"https:\/\/csif.umh.es\/files\/2012\/07\/CSIF-CEP.jpg\"><img loading=\"lazy\" src=\"https:\/\/csif.umh.es\/files\/2012\/07\/CSIF-CEP.jpg\" alt=\"\" title=\"CSIF-CEP\" width=\"400\" height=\"300\" class=\"alignleft size-full wp-image-857\" srcset=\"https:\/\/csif.umh.es\/files\/2012\/07\/CSIF-CEP.jpg 400w, https:\/\/csif.umh.es\/files\/2012\/07\/CSIF-CEP-300x225.jpg 300w\" sizes=\"(max-width: 400px) 100vw, 400px\" \/><\/a><\/p>\n<p>Jueves, 26\/07\/2012<\/p>\n<p>La Central Sindical Independiente y de Funcionarios (CSI-F) y la Confederaci\u00f3n Espa\u00f1ola de Polic\u00eda (CEP) mantuvieron hoy un encuentro institucional para analizar los efectos del decreto con medidas de recorte en el sector p\u00fablico, y coordinar medidas de presi\u00f3n al Gobierno para salvaguardar la calidad de los servicios a la ciudadan\u00eda, y en concreto la seguridad ciudadana, as\u00ed como las condiciones laborales de los empleados p\u00fablicos.<\/p>\n<p>El presidente de CSI-F, Miguel Borra, y el secretario general del la CEP, Ignacio L\u00f3pez Garc\u00eda, compartieron la preocupaci\u00f3n de ambas organizaciones por los efectos de la crisis y las consecuencias que puedan derivarse en los servicios p\u00fablicos de un eventual rescate econ\u00f3mico de Espa\u00f1a.<\/p>\n<p>Leer m\u00e1s<\/p>\n<\/p>\n<p><\/p>","protected":false},"excerpt":{"rendered":"<p>Jueves, 26\/07\/2012<br \/>\nLa Central Sindical Independiente y de Funcionarios (CSI-F) y la Confederaci\u00f3n Espa\u00f1ola de Polic\u00eda (CEP) mantuvieron hoy un encuentro institucional para analizar los efectos del decreto con medidas de recorte en el sector p\u00fablico, y coordinar medidas de presi\u00f3n al Gobierno para salvaguardar la calidad de los servicios a la ciudadan\u00eda, y en concreto [&#8230;]<\/p>\n","protected":false},"author":165,"featured_media":0,"comment_status":"closed","ping_status":"open","sticky":false,"template":"","format":"standard","meta":{"ngg_post_thumbnail":0,"_links_to":"","_links_to_target":""},"categories":[1],"tags":[],"_links":{"self":[{"href":"https:\/\/csif.umh.es\/ca\/wp-json\/wp\/v2\/posts\/858"}],"collection":[{"href":"https:\/\/csif.umh.es\/ca\/wp-json\/wp\/v2\/posts"}],"about":[{"href":"https:\/\/csif.umh.es\/ca\/wp-json\/wp\/v2\/types\/post"}],"author":[{"embeddable":true,"href":"https:\/\/csif.umh.es\/ca\/wp-json\/wp\/v2\/users\/165"}],"replies":[{"embeddable":true,"href":"https:\/\/csif.umh.es\/ca\/wp-json\/wp\/v2\/comments?post=858"}],"version-history":[{"count":0,"href":"https:\/\/csif.umh.es\/ca\/wp-json\/wp\/v2\/posts\/858\/revisions"}],"wp:attachment":[{"href":"https:\/\/csif.umh.es\/ca\/wp-json\/wp\/v2\/media?parent=858"}],"wp:term":[{"taxonomy":"category","embeddable":true,"href":"https:\/\/csif.umh.es\/ca\/wp-json\/wp\/v2\/categories?post=858"},{"taxonomy":"post_tag","embeddable":true,"href":"https:\/\/csif.umh.es\/ca\/wp-json\/wp\/v2\/tags?post=858"}],"curies":[{"name":"wp","href":"https:\/\/api.w.org\/{rel}","templated":true}]}}