{"id":845,"date":"2012-07-23T21:08:51","date_gmt":"2012-07-23T21:08:51","guid":{"rendered":"http:\/\/csif.umh.es\/2012\/07\/23\/csi-f-llevara-a-los-tribunales-la-supresion-de-la-paga-extra-de-navidad-a-los-empleados-publicos\/"},"modified":"2012-07-23T21:11:10","modified_gmt":"2012-07-23T21:11:10","slug":"csi-f-llevara-a-los-tribunales-la-supresion-de-la-paga-extra-de-navidad-a-los-empleados-publicos","status":"publish","type":"post","link":"https:\/\/csif.umh.es\/ca\/2012\/07\/23\/csi-f-llevara-a-los-tribunales-la-supresion-de-la-paga-extra-de-navidad-a-los-empleados-publicos\/","title":{"rendered":"CSI-F llevar\u00e1 a los tribunales la supresi\u00f3n de la paga extra de Navidad a los Empleados P\u00fablicos"},"content":{"rendered":"<p><\/p>\n<p><p><a href=\"https:\/\/csif.umh.es\/files\/2012\/07\/BLOG-DEFINITIVO-PARA-NOVEDADES22.jpg\"><img loading=\"lazy\" src=\"https:\/\/csif.umh.es\/files\/2012\/07\/BLOG-DEFINITIVO-PARA-NOVEDADES22.jpg\" alt=\"\" title=\"CSI.F\" width=\"171\" height=\"147\" class=\"alignleft size-full wp-image-844\" \/><\/a><\/p>\n<p>Lun, 23\/07\/2012<\/p>\n<p>El Tribunal Constitucional portugu\u00e9s declar\u00f3 ilegal suprimir pagas extras a funcionarios<\/p>\n<p>            La Central Sindical Independiente y de Funcionarios (CSI\u00b7F) estudia recurrir en los Tribunales de Justicia la supresi\u00f3n de la paga extra de Navidad a los empleados p\u00fablicos, recogida en el Real Decreto-Ley 20\/2012, de 13 de julio.<\/p>\n<p>            El Comit\u00e9 Ejecutivo Nacional de CSI\u00b7F acord\u00f3 iniciar los tr\u00e1mites necesarios para agotar las v\u00edas, tanto administrativa como judicial, a fin de conseguir la nulidad del Real Decreto Ley de medidas urgentes de racionalizaci\u00f3n y reducci\u00f3n del gasto en materia de empleo p\u00fablico, as\u00ed como instar a los \u00f3rganos competentes (Defensor del Pueblo, 50 Diputados o 50 Senadores) para que estos incoen recurso de inconstitucionalidad ante el Tribunal Constitucional. Leer m\u00e1s<\/p>\n<\/p>\n<p><\/p>","protected":false},"excerpt":{"rendered":"<p>Lun, 23\/07\/2012<br \/>\nEl Tribunal Constitucional portugu\u00e9s declar\u00f3 ilegal suprimir pagas extras a funcionarios<br \/>\n            La Central Sindical Independiente y de Funcionarios (CSI\u00b7F) estudia recurrir en los Tribunales de Justicia la supresi\u00f3n de la paga extra de Navidad a los empleados p\u00fablicos, recogida en el Real Decreto-Ley [&#8230;]<\/p>\n","protected":false},"author":1,"featured_media":0,"comment_status":"closed","ping_status":"open","sticky":false,"template":"","format":"standard","meta":{"ngg_post_thumbnail":0,"_links_to":"","_links_to_target":""},"categories":[1],"tags":[],"_links":{"self":[{"href":"https:\/\/csif.umh.es\/ca\/wp-json\/wp\/v2\/posts\/845"}],"collection":[{"href":"https:\/\/csif.umh.es\/ca\/wp-json\/wp\/v2\/posts"}],"about":[{"href":"https:\/\/csif.umh.es\/ca\/wp-json\/wp\/v2\/types\/post"}],"author":[{"embeddable":true,"href":"https:\/\/csif.umh.es\/ca\/wp-json\/wp\/v2\/users\/1"}],"replies":[{"embeddable":true,"href":"https:\/\/csif.umh.es\/ca\/wp-json\/wp\/v2\/comments?post=845"}],"version-history":[{"count":0,"href":"https:\/\/csif.umh.es\/ca\/wp-json\/wp\/v2\/posts\/845\/revisions"}],"wp:attachment":[{"href":"https:\/\/csif.umh.es\/ca\/wp-json\/wp\/v2\/media?parent=845"}],"wp:term":[{"taxonomy":"category","embeddable":true,"href":"https:\/\/csif.umh.es\/ca\/wp-json\/wp\/v2\/categories?post=845"},{"taxonomy":"post_tag","embeddable":true,"href":"https:\/\/csif.umh.es\/ca\/wp-json\/wp\/v2\/tags?post=845"}],"curies":[{"name":"wp","href":"https:\/\/api.w.org\/{rel}","templated":true}]}}