{"id":837,"date":"2012-07-20T10:13:56","date_gmt":"2012-07-20T10:13:56","guid":{"rendered":"http:\/\/csif.umh.es\/2012\/07\/20\/los-empleados-publicos-secundados-por-miles-de-ciudadanos-claman-contra-los-recortes\/"},"modified":"2012-07-20T10:17:12","modified_gmt":"2012-07-20T10:17:12","slug":"los-empleados-publicos-secundados-por-miles-de-ciudadanos-claman-contra-los-recortes","status":"publish","type":"post","link":"https:\/\/csif.umh.es\/ca\/2012\/07\/20\/los-empleados-publicos-secundados-por-miles-de-ciudadanos-claman-contra-los-recortes\/","title":{"rendered":"Los empleados p\u00fablicos, secundados por miles de ciudadanos, claman contra los recortes"},"content":{"rendered":"<p><\/p>\n<p><p><a href=\"https:\/\/csif.umh.es\/files\/2012\/07\/Manifestaci\u00f3n-en-Valencia-19-de-julio-2012.jpg\"><img loading=\"lazy\" src=\"https:\/\/csif.umh.es\/files\/2012\/07\/Manifestaci\u00f3n-en-Valencia-19-de-julio-2012.jpg\" alt=\"\" title=\"Manifestaci\u00f3n en Valencia 19 de julio 2012\" width=\"150\" height=\"113\" class=\"alignleft size-full wp-image-836\" \/><\/a><\/p>\n<p>Viernes, 20\/07\/2012<\/p>\n<p>Los cinco sindicatos de la Mesa General reunieron ayer a alrededor de 400.000 ciudadanos en las tres capitales de provincia de la Comunidad Valenciana para mostrar su malestar y oposici\u00f3n a los recortes del Gobierno. La protesta m\u00e1s multitudinaria tuvo lugar en Valencia ciudad. Cuando miles de manifestantes llenaban el paseo de la Alameda, pasadas las nueve de la noche, muchos todav\u00eda no hab\u00edan podido salir de San Agust\u00edn para iniciar la marcha. Tal era el volumen de personas asistentes que desbord\u00f3 todas las previsiones.<\/p>\n<p>El presidente auton\u00f3mico de CSI\u00b7F, Daniel Matoses, urgi\u00f3 a los responsables p\u00fablicos a negociar para evitar unos recortes sin precedentes y una subida de impuestos que va a empobrecer a los trabajadores. El sindicato encabez\u00f3 la marcha que cort\u00f3 el centro de Valencia y que concluy\u00f3 con la lectura de un manifiesto de oposici\u00f3n contundente a las medidas decretadas y aprobadas por el Gobierno.<\/p>\n<p>Adjuntamos enlace del encuentro digital que tuvo por la ma\u00f1ana Daniel Matoses en el diario Levante-EMV por su inter\u00e9s informativo para explicar los principales motivos de la protesta y la situaci\u00f3n actual. Pincha aqu\u00ed para leerlo.<br \/>\nLeer m\u00e1s<\/p>\n<\/p>\n<p><\/p>","protected":false},"excerpt":{"rendered":"<p>Viernes, 20\/07\/2012<br \/>\nLos cinco sindicatos de la Mesa General reunieron ayer a alrededor de 400.000 ciudadanos en las tres capitales de provincia de la Comunidad Valenciana para mostrar su malestar y oposici\u00f3n a los recortes del Gobierno. La protesta m\u00e1s multitudinaria tuvo lugar en Valencia ciudad. Cuando miles de manifestantes llenaban el paseo de la Alameda, [&#8230;]<\/p>\n","protected":false},"author":165,"featured_media":0,"comment_status":"closed","ping_status":"open","sticky":false,"template":"","format":"standard","meta":{"ngg_post_thumbnail":0,"_links_to":"","_links_to_target":""},"categories":[1],"tags":[],"_links":{"self":[{"href":"https:\/\/csif.umh.es\/ca\/wp-json\/wp\/v2\/posts\/837"}],"collection":[{"href":"https:\/\/csif.umh.es\/ca\/wp-json\/wp\/v2\/posts"}],"about":[{"href":"https:\/\/csif.umh.es\/ca\/wp-json\/wp\/v2\/types\/post"}],"author":[{"embeddable":true,"href":"https:\/\/csif.umh.es\/ca\/wp-json\/wp\/v2\/users\/165"}],"replies":[{"embeddable":true,"href":"https:\/\/csif.umh.es\/ca\/wp-json\/wp\/v2\/comments?post=837"}],"version-history":[{"count":0,"href":"https:\/\/csif.umh.es\/ca\/wp-json\/wp\/v2\/posts\/837\/revisions"}],"wp:attachment":[{"href":"https:\/\/csif.umh.es\/ca\/wp-json\/wp\/v2\/media?parent=837"}],"wp:term":[{"taxonomy":"category","embeddable":true,"href":"https:\/\/csif.umh.es\/ca\/wp-json\/wp\/v2\/categories?post=837"},{"taxonomy":"post_tag","embeddable":true,"href":"https:\/\/csif.umh.es\/ca\/wp-json\/wp\/v2\/tags?post=837"}],"curies":[{"name":"wp","href":"https:\/\/api.w.org\/{rel}","templated":true}]}}