{"id":835,"date":"2012-07-20T09:56:26","date_gmt":"2012-07-20T09:56:26","guid":{"rendered":"http:\/\/csif.umh.es\/2012\/07\/20\/empleados-publicos-y-el-conjunto-de-la-ciudadania-unidos-contra-los-recortes\/"},"modified":"2012-07-20T10:04:34","modified_gmt":"2012-07-20T10:04:34","slug":"empleados-publicos-y-el-conjunto-de-la-ciudadania-unidos-contra-los-recortes","status":"publish","type":"post","link":"https:\/\/csif.umh.es\/ca\/2012\/07\/20\/empleados-publicos-y-el-conjunto-de-la-ciudadania-unidos-contra-los-recortes\/","title":{"rendered":"Empleados p\u00fablicos y el conjunto de la ciudadan\u00eda, unidos contra los recortes"},"content":{"rendered":"<p><\/p>\n<p><p><a href=\"https:\/\/csif.umh.es\/files\/2012\/07\/manifestacion_tn.jpg\"><img loading=\"lazy\" src=\"https:\/\/csif.umh.es\/files\/2012\/07\/manifestacion_tn.jpg\" alt=\"\" title=\"Manifestaci\u00f3n 19 de julio 2012\" width=\"150\" height=\"113\" class=\"alignleft size-full wp-image-834\" \/><\/a><\/p>\n<p>Jue, 19\/07\/2012<\/p>\n<p>Las v\u00edctimas de la crisis no podemos ser los culpables<\/p>\n<p>\u00a1ROTUNDAMENTE NO! <\/p>\n<p>La Central Sindical Independiente y de Funcionarios (CSI-F) ha salido esta tarde a las calles de las principales ciudades de toda Espa\u00f1a, junto CC.OO., UGT y el resto de organizaciones sindicales del conjunto del Estado, para dirigir al Gobierno un NO rotundo a los recortes, avalados por el Congreso de los Diputados, con el \u00fanico  voto del Partido Popular. El Gobierno se ha quedado solo.<\/p>\n<p>El presidente del sindicato, Miguel Borra, represent\u00f3 a CSI-F en la cabecera de la manifestaci\u00f3n de Madrid, para defender los intereses de los empleados p\u00fablicos que hoy han salido, codo con codo, con el resto de la ciudadan\u00eda a decirle al Gobierno \u201cBASTA ya de medidas injustas e ineficaces\u201d.<\/p>\n<p>Para CSI-F, hoy es el d\u00eda en el que los ciudadanos y los empleados p\u00fablicos salimos juntos a la calle a decir basta, a defender nuestra dignidad, la calidad en el empleo, a defender los servicios p\u00fablicos y en definitiva, el Estado del Bienestar, que hoy es cuestionado por los mercados y las actuaciones irresponsables de pol\u00edticos de uno y otro signo pol\u00edtico<\/p>\n<\/p>\n<p><\/p>","protected":false},"excerpt":{"rendered":"<p>Jue, 19\/07\/2012<br \/>\nLas v\u00edctimas de la crisis no podemos ser los culpables<br \/>\n\u00a1ROTUNDAMENTE NO!<br \/>\nLa Central Sindical Independiente y de Funcionarios (CSI-F) ha salido esta tarde a las calles de las principales ciudades de toda Espa\u00f1a, junto CC.OO., UGT y el resto de organizaciones sindicales del conjunto del Estado, para dirigir al Gobierno un NO rotundo a [&#8230;]<\/p>\n","protected":false},"author":165,"featured_media":0,"comment_status":"closed","ping_status":"open","sticky":false,"template":"","format":"standard","meta":{"ngg_post_thumbnail":0,"_links_to":"","_links_to_target":""},"categories":[1],"tags":[],"_links":{"self":[{"href":"https:\/\/csif.umh.es\/ca\/wp-json\/wp\/v2\/posts\/835"}],"collection":[{"href":"https:\/\/csif.umh.es\/ca\/wp-json\/wp\/v2\/posts"}],"about":[{"href":"https:\/\/csif.umh.es\/ca\/wp-json\/wp\/v2\/types\/post"}],"author":[{"embeddable":true,"href":"https:\/\/csif.umh.es\/ca\/wp-json\/wp\/v2\/users\/165"}],"replies":[{"embeddable":true,"href":"https:\/\/csif.umh.es\/ca\/wp-json\/wp\/v2\/comments?post=835"}],"version-history":[{"count":0,"href":"https:\/\/csif.umh.es\/ca\/wp-json\/wp\/v2\/posts\/835\/revisions"}],"wp:attachment":[{"href":"https:\/\/csif.umh.es\/ca\/wp-json\/wp\/v2\/media?parent=835"}],"wp:term":[{"taxonomy":"category","embeddable":true,"href":"https:\/\/csif.umh.es\/ca\/wp-json\/wp\/v2\/categories?post=835"},{"taxonomy":"post_tag","embeddable":true,"href":"https:\/\/csif.umh.es\/ca\/wp-json\/wp\/v2\/tags?post=835"}],"curies":[{"name":"wp","href":"https:\/\/api.w.org\/{rel}","templated":true}]}}