{"id":832,"date":"2012-07-19T14:22:09","date_gmt":"2012-07-19T14:22:09","guid":{"rendered":"http:\/\/csif.umh.es\/2012\/07\/19\/csi-f-y-el-resto-de-organizaciones-sindicales-del-sector-publico-constituyen-una-plataforma-unitaria-para-hacer-frente-a-los-recortes-del-gobierno\/"},"modified":"2012-07-20T09:28:11","modified_gmt":"2012-07-20T09:28:11","slug":"csi-f-y-el-resto-de-organizaciones-sindicales-del-sector-publico-constituyen-una-plataforma-unitaria-para-hacer-frente-a-los-recortes-del-gobierno","status":"publish","type":"post","link":"https:\/\/csif.umh.es\/ca\/2012\/07\/19\/csi-f-y-el-resto-de-organizaciones-sindicales-del-sector-publico-constituyen-una-plataforma-unitaria-para-hacer-frente-a-los-recortes-del-gobierno\/","title":{"rendered":"CSI-F y el resto de organizaciones sindicales del Sector P\u00fablico constituyen una plataforma unitaria para hacer frente a los recortes del Gobierno"},"content":{"rendered":"<p><\/p>\n<p><p><a href=\"https:\/\/csif.umh.es\/files\/2012\/07\/BLOG-DEFINITIVO-PARA-NOVEDADES18.jpg\"><img loading=\"lazy\" src=\"https:\/\/csif.umh.es\/files\/2012\/07\/BLOG-DEFINITIVO-PARA-NOVEDADES18.jpg\" alt=\"\" title=\"CSI.F\" width=\"171\" height=\"147\" class=\"alignleft size-full wp-image-831\" \/><\/a><\/p>\n<p>Jue, 19\/07\/2012<\/p>\n<p>El sindicato propone al resto de organizaciones que se sumen al calendario de movilizaciones previsto a partir de septiembre<\/p>\n<p>La Central Sindical Independiente y de Funcionarios (CSI-F), sindicato mayoritario en las Administraciones P\u00fablicas, UGT, CC.OO. y m\u00e1s de una veintena de organizaciones sindicales presentes en el sector p\u00fablico en el conjunto del Estado, constituyeron hoy una plataforma sindical y de asociaciones profesionales para hacer frente com\u00fan a los recortes del Gobierno, con diferentes medidas de presi\u00f3n.<\/p>\n<p>En total, estar\u00e1n presentes en la Plataforma, CSI-F, UGT, CC.OO., USO, ELA, Sindicato Libre (Correos), STAJ (Justicia), GESTHA (Hacienda), SATSE, CESM y USAE (Sanidad), ANPE y STEs-i (Ense\u00f1anza), UFP, SUP, CEP (Polic\u00eda), AEGC y Uni\u00f3nGC (Guardias Civiles). Leer m\u00e1s<\/p>\n<\/p>\n<p><\/p>","protected":false},"excerpt":{"rendered":"<p>Jue, 19\/07\/2012<br \/>\nEl sindicato propone al resto de organizaciones que se sumen al calendario de movilizaciones previsto a partir de septiembre<br \/>\nLa Central Sindical Independiente y de Funcionarios (CSI-F), sindicato mayoritario en las Administraciones P\u00fablicas, UGT, CC.OO. y m\u00e1s de una veintena de organizaciones sindicales presentes en el sector p\u00fablico en el conjunto del Estado, constituyeron hoy [&#8230;]<\/p>\n","protected":false},"author":1,"featured_media":0,"comment_status":"closed","ping_status":"open","sticky":false,"template":"","format":"standard","meta":{"ngg_post_thumbnail":0,"_links_to":"","_links_to_target":""},"categories":[1],"tags":[],"_links":{"self":[{"href":"https:\/\/csif.umh.es\/ca\/wp-json\/wp\/v2\/posts\/832"}],"collection":[{"href":"https:\/\/csif.umh.es\/ca\/wp-json\/wp\/v2\/posts"}],"about":[{"href":"https:\/\/csif.umh.es\/ca\/wp-json\/wp\/v2\/types\/post"}],"author":[{"embeddable":true,"href":"https:\/\/csif.umh.es\/ca\/wp-json\/wp\/v2\/users\/1"}],"replies":[{"embeddable":true,"href":"https:\/\/csif.umh.es\/ca\/wp-json\/wp\/v2\/comments?post=832"}],"version-history":[{"count":0,"href":"https:\/\/csif.umh.es\/ca\/wp-json\/wp\/v2\/posts\/832\/revisions"}],"wp:attachment":[{"href":"https:\/\/csif.umh.es\/ca\/wp-json\/wp\/v2\/media?parent=832"}],"wp:term":[{"taxonomy":"category","embeddable":true,"href":"https:\/\/csif.umh.es\/ca\/wp-json\/wp\/v2\/categories?post=832"},{"taxonomy":"post_tag","embeddable":true,"href":"https:\/\/csif.umh.es\/ca\/wp-json\/wp\/v2\/tags?post=832"}],"curies":[{"name":"wp","href":"https:\/\/api.w.org\/{rel}","templated":true}]}}