{"id":826,"date":"2012-07-18T19:32:18","date_gmt":"2012-07-18T19:32:18","guid":{"rendered":"http:\/\/csif.umh.es\/2012\/07\/18\/csi-f-estara-manana-en-la-cabecera-de-la-manifestacion-en-madrid-defendiendo-los-intereses-de-los-empleados-publicos\/"},"modified":"2012-07-20T09:29:59","modified_gmt":"2012-07-20T09:29:59","slug":"csi-f-estara-manana-en-la-cabecera-de-la-manifestacion-en-madrid-defendiendo-los-intereses-de-los-empleados-publicos","status":"publish","type":"post","link":"https:\/\/csif.umh.es\/ca\/2012\/07\/18\/csi-f-estara-manana-en-la-cabecera-de-la-manifestacion-en-madrid-defendiendo-los-intereses-de-los-empleados-publicos\/","title":{"rendered":"CSI-F estar\u00e1 ma\u00f1ana en la cabecera de la manifestaci\u00f3n en Madrid defendiendo los intereses de los empleados p\u00fablicos"},"content":{"rendered":"<p><\/p>\n<p><p><a href=\"https:\/\/csif.umh.es\/files\/2012\/07\/BLOG-DEFINITIVO-PARA-NOVEDADES16.jpg\"><img loading=\"lazy\" src=\"https:\/\/csif.umh.es\/files\/2012\/07\/BLOG-DEFINITIVO-PARA-NOVEDADES16.jpg\" alt=\"\" title=\"CSI.F\" width=\"171\" height=\"147\" class=\"alignleft size-full wp-image-825\" \/><\/a><\/p>\n<p>Mi\u00e9, 18\/07\/2012<\/p>\n<p>La Central Sindical Independiente y de Funcionarios (CSI-F), sindicato mayoritario en el conjunto de las Administraciones P\u00fablicas, estar\u00e1 ma\u00f1ana representado por su presidente, Miguel Borra, en la cabecera de la gran manifestaci\u00f3n en Madrid contra los recortes del Gobierno, defendiendo los intereses de los empleados p\u00fablicos, junto a los secretarios generales de CC.OO. y UGT. Puntos informativos de ma\u00f1ana <\/p>\n<p>&#8211; Rueda de prensa de CSI-F, UGT y CC.OO. para presentar la plataforma de organizaciones sindicales del sector p\u00fablico y anunciar nuevas movilizaciones en el conjunto del Estado. En este encuentro, CSI-F ofrecer\u00e1 al resto de organizaciones pactar la fecha de la convocatoria de huelga anunciada para finales del mes de septiembre. <\/p>\n<p>Hora: 10.30 horas. Lugar: Sede de FSP-UGT. Avda de Am\u00e9rica, 25. 3\u00aa planta. <\/p>\n<p>&#8211; Declaraciones de los l\u00edderes sindicales previas a la manifestaci\u00f3n. <\/p>\n<p>Hora: 19.30 horas. Lugar: C\u00edrculo de Bellas Artes. Sala Zambrano. CSI-F quiere agradecer una vez m\u00e1s las muestras de apoyo ciudadano a la situaci\u00f3n de los empleados p\u00fablicos, que se est\u00e1n plasmando en las diferentes manifestaciones en toda Espa\u00f1a. Para CSI-F, estas manifestaciones responden a la indignaci\u00f3n y el profundo malestar de un colectivo que se siente maltratado y traicionado por sus gobernantes y considera que las organizaciones sindicales deben estar ahora a la altura de los ciudadanos.<\/p>\n<\/p>\n<p><\/p>","protected":false},"excerpt":{"rendered":"<p>Mi\u00e9, 18\/07\/2012<br \/>\nLa Central Sindical Independiente y de Funcionarios (CSI-F), sindicato mayoritario en el conjunto de las Administraciones P\u00fablicas, estar\u00e1 ma\u00f1ana representado por su presidente, Miguel Borra, en la cabecera de la gran manifestaci\u00f3n en Madrid contra los recortes del Gobierno, defendiendo los intereses de los empleados p\u00fablicos, junto a los secretarios generales de CC.OO. y [&#8230;]<\/p>\n","protected":false},"author":165,"featured_media":0,"comment_status":"closed","ping_status":"open","sticky":false,"template":"","format":"standard","meta":{"ngg_post_thumbnail":0,"_links_to":"","_links_to_target":""},"categories":[1],"tags":[],"_links":{"self":[{"href":"https:\/\/csif.umh.es\/ca\/wp-json\/wp\/v2\/posts\/826"}],"collection":[{"href":"https:\/\/csif.umh.es\/ca\/wp-json\/wp\/v2\/posts"}],"about":[{"href":"https:\/\/csif.umh.es\/ca\/wp-json\/wp\/v2\/types\/post"}],"author":[{"embeddable":true,"href":"https:\/\/csif.umh.es\/ca\/wp-json\/wp\/v2\/users\/165"}],"replies":[{"embeddable":true,"href":"https:\/\/csif.umh.es\/ca\/wp-json\/wp\/v2\/comments?post=826"}],"version-history":[{"count":0,"href":"https:\/\/csif.umh.es\/ca\/wp-json\/wp\/v2\/posts\/826\/revisions"}],"wp:attachment":[{"href":"https:\/\/csif.umh.es\/ca\/wp-json\/wp\/v2\/media?parent=826"}],"wp:term":[{"taxonomy":"category","embeddable":true,"href":"https:\/\/csif.umh.es\/ca\/wp-json\/wp\/v2\/categories?post=826"},{"taxonomy":"post_tag","embeddable":true,"href":"https:\/\/csif.umh.es\/ca\/wp-json\/wp\/v2\/tags?post=826"}],"curies":[{"name":"wp","href":"https:\/\/api.w.org\/{rel}","templated":true}]}}