{"id":791,"date":"2012-07-12T19:13:20","date_gmt":"2012-07-12T19:13:20","guid":{"rendered":"http:\/\/csif.umh.es\/2012\/07\/12\/rapida-respuesta-contra-los-recortes-manana-concentraciones\/"},"modified":"2012-07-12T19:48:52","modified_gmt":"2012-07-12T19:48:52","slug":"rapida-respuesta-contra-los-recortes-manana-concentraciones","status":"publish","type":"post","link":"https:\/\/csif.umh.es\/ca\/2012\/07\/12\/rapida-respuesta-contra-los-recortes-manana-concentraciones\/","title":{"rendered":"R\u00e1pida respuesta contra los recortes: Ma\u00f1ana, concentraciones"},"content":{"rendered":"<p><\/p>\n<p><p><a href=\"https:\/\/csif.umh.es\/files\/2012\/07\/CARTEL-RECORTES-CONCENTRACION_DELEGAC-DE-GOBIERNO_ALICANTE_13_07_2012.jpg\"><img loading=\"lazy\" src=\"https:\/\/csif.umh.es\/files\/2012\/07\/CARTEL-RECORTES-CONCENTRACION_DELEGAC-DE-GOBIERNO_ALICANTE_13_07_2012-212x300.jpg\" alt=\"\" title=\"Concentraci\u00f3n contra los recortes\" width=\"212\" height=\"300\" class=\"alignleft size-medium wp-image-790\" srcset=\"https:\/\/csif.umh.es\/files\/2012\/07\/CARTEL-RECORTES-CONCENTRACION_DELEGAC-DE-GOBIERNO_ALICANTE_13_07_2012-212x300.jpg 212w, https:\/\/csif.umh.es\/files\/2012\/07\/CARTEL-RECORTES-CONCENTRACION_DELEGAC-DE-GOBIERNO_ALICANTE_13_07_2012-724x1024.jpg 724w, https:\/\/csif.umh.es\/files\/2012\/07\/CARTEL-RECORTES-CONCENTRACION_DELEGAC-DE-GOBIERNO_ALICANTE_13_07_2012.jpg 1181w\" sizes=\"(max-width: 212px) 100vw, 212px\" \/><\/a><\/p>\n<p>Jue, 12\/07\/2012<\/p>\n<p>Los cinco sindicatos de la Mesa General de la Funci\u00f3n P\u00fablica han convocado para ma\u00f1ana concentraciones ante todas las administraciones p\u00fablicas. La primera convocatoria es a las diez. Los empleados saldr\u00e1n a los puertas de sus centros de trabajo para manifestar su malestar y oposici\u00f3n a los recortes aprobados por el Gobierno. Poco despu\u00e9s, a las 12 horas, tendr\u00e1 lugar un concentraci\u00f3n ante la sede de Delegaci\u00f3n del Gobierno en Valencia y Subdelegaci\u00f3n del Gobierno en Alicante<\/p>\n<\/p>\n<p><\/p>","protected":false},"excerpt":{"rendered":"<p>Jue, 12\/07\/2012<br \/>\nLos cinco sindicatos de la Mesa General de la Funci\u00f3n P\u00fablica han convocado para ma\u00f1ana concentraciones ante todas las administraciones p\u00fablicas. La primera convocatoria es a las diez. Los empleados saldr\u00e1n a los puertas de sus centros de trabajo para manifestar su malestar y oposici\u00f3n a los recortes aprobados por el Gobierno. Poco despu\u00e9s, [&#8230;]<\/p>\n","protected":false},"author":165,"featured_media":0,"comment_status":"closed","ping_status":"open","sticky":false,"template":"","format":"standard","meta":{"ngg_post_thumbnail":0,"_links_to":"","_links_to_target":""},"categories":[1],"tags":[],"_links":{"self":[{"href":"https:\/\/csif.umh.es\/ca\/wp-json\/wp\/v2\/posts\/791"}],"collection":[{"href":"https:\/\/csif.umh.es\/ca\/wp-json\/wp\/v2\/posts"}],"about":[{"href":"https:\/\/csif.umh.es\/ca\/wp-json\/wp\/v2\/types\/post"}],"author":[{"embeddable":true,"href":"https:\/\/csif.umh.es\/ca\/wp-json\/wp\/v2\/users\/165"}],"replies":[{"embeddable":true,"href":"https:\/\/csif.umh.es\/ca\/wp-json\/wp\/v2\/comments?post=791"}],"version-history":[{"count":0,"href":"https:\/\/csif.umh.es\/ca\/wp-json\/wp\/v2\/posts\/791\/revisions"}],"wp:attachment":[{"href":"https:\/\/csif.umh.es\/ca\/wp-json\/wp\/v2\/media?parent=791"}],"wp:term":[{"taxonomy":"category","embeddable":true,"href":"https:\/\/csif.umh.es\/ca\/wp-json\/wp\/v2\/categories?post=791"},{"taxonomy":"post_tag","embeddable":true,"href":"https:\/\/csif.umh.es\/ca\/wp-json\/wp\/v2\/tags?post=791"}],"curies":[{"name":"wp","href":"https:\/\/api.w.org\/{rel}","templated":true}]}}