{"id":769,"date":"2012-07-11T14:28:07","date_gmt":"2012-07-11T14:28:07","guid":{"rendered":"http:\/\/csif.umh.es\/2012\/07\/11\/csi-f-anuncia-movilizaciones-y-paros-en-julio-y-agosto-contra-los-recortes-en-la-funcion-publica-y-no-descarta-convocar-huelga-en-septiembre\/"},"modified":"2012-07-11T14:32:18","modified_gmt":"2012-07-11T14:32:18","slug":"csi-f-anuncia-movilizaciones-y-paros-en-julio-y-agosto-contra-los-recortes-en-la-funcion-publica-y-no-descarta-convocar-huelga-en-septiembre","status":"publish","type":"post","link":"https:\/\/csif.umh.es\/ca\/2012\/07\/11\/csi-f-anuncia-movilizaciones-y-paros-en-julio-y-agosto-contra-los-recortes-en-la-funcion-publica-y-no-descarta-convocar-huelga-en-septiembre\/","title":{"rendered":"CSI-F anuncia movilizaciones y paros en julio y agosto contra los recortes en la Funci\u00f3n p\u00fablica y no descarta convocar huelga en septiembre"},"content":{"rendered":"<p><\/p>\n<p><p><a href=\"https:\/\/csif.umh.es\/files\/2012\/07\/BLOG-DEFINITIVO-PARA-NOVEDADES8.jpg\"><img loading=\"lazy\" src=\"https:\/\/csif.umh.es\/files\/2012\/07\/BLOG-DEFINITIVO-PARA-NOVEDADES8.jpg\" alt=\"\" title=\"CSI.F\" width=\"171\" height=\"147\" class=\"alignleft size-full wp-image-768\" \/><\/a><\/p>\n<p>Mi\u00e9, 11\/07\/2012<\/p>\n<p>La Central Sindical Independiente y de Funcionarios (CSI-F), sindicato mayoritario en las Administraciones P\u00fablicas, manifest\u00f3 hoy su indignaci\u00f3n y oposici\u00f3n frontal ante las medidas anunciadas por el presidente del Gobierno, Mariano Rajoy, en el \u00e1mbito de las Administraciones P\u00fablicas.<br \/>\nEn este sentido, anunci\u00f3 la convocatoria de paros parciales en el conjunto de las administraciones durante los meses de julio y agosto, entre otras movilizaciones, y no descarta convocar una huelga en el mes de septiembre. El alcance de estas movilizaciones se decidir\u00e1 este mismo viernes por la Comisi\u00f3n Nacional del sindicato.<\/p>\n<\/p>\n<p><\/p>","protected":false},"excerpt":{"rendered":"<p>Mi\u00e9, 11\/07\/2012<br \/>\nLa Central Sindical Independiente y de Funcionarios (CSI-F), sindicato mayoritario en las Administraciones P\u00fablicas, manifest\u00f3 hoy su indignaci\u00f3n y oposici\u00f3n frontal ante las medidas anunciadas por el presidente del Gobierno, Mariano Rajoy, en el \u00e1mbito de las Administraciones P\u00fablicas.<br \/>\nEn este sentido, anunci\u00f3 la convocatoria de paros parciales en el conjunto de las administraciones durante [&#8230;]<\/p>\n","protected":false},"author":165,"featured_media":0,"comment_status":"closed","ping_status":"open","sticky":false,"template":"","format":"standard","meta":{"ngg_post_thumbnail":0,"_links_to":"","_links_to_target":""},"categories":[1],"tags":[],"_links":{"self":[{"href":"https:\/\/csif.umh.es\/ca\/wp-json\/wp\/v2\/posts\/769"}],"collection":[{"href":"https:\/\/csif.umh.es\/ca\/wp-json\/wp\/v2\/posts"}],"about":[{"href":"https:\/\/csif.umh.es\/ca\/wp-json\/wp\/v2\/types\/post"}],"author":[{"embeddable":true,"href":"https:\/\/csif.umh.es\/ca\/wp-json\/wp\/v2\/users\/165"}],"replies":[{"embeddable":true,"href":"https:\/\/csif.umh.es\/ca\/wp-json\/wp\/v2\/comments?post=769"}],"version-history":[{"count":0,"href":"https:\/\/csif.umh.es\/ca\/wp-json\/wp\/v2\/posts\/769\/revisions"}],"wp:attachment":[{"href":"https:\/\/csif.umh.es\/ca\/wp-json\/wp\/v2\/media?parent=769"}],"wp:term":[{"taxonomy":"category","embeddable":true,"href":"https:\/\/csif.umh.es\/ca\/wp-json\/wp\/v2\/categories?post=769"},{"taxonomy":"post_tag","embeddable":true,"href":"https:\/\/csif.umh.es\/ca\/wp-json\/wp\/v2\/tags?post=769"}],"curies":[{"name":"wp","href":"https:\/\/api.w.org\/{rel}","templated":true}]}}