{"id":760,"date":"2012-07-10T19:35:27","date_gmt":"2012-07-10T19:35:27","guid":{"rendered":"http:\/\/csif.umh.es\/2012\/07\/10\/montoro-convoca-a-los-funcionarios-para-informarles-de-los-nuevos-recortes\/"},"modified":"2012-07-10T19:55:08","modified_gmt":"2012-07-10T19:55:08","slug":"montoro-convoca-a-los-funcionarios-para-informarles-de-los-nuevos-recortes","status":"publish","type":"post","link":"https:\/\/csif.umh.es\/ca\/2012\/07\/10\/montoro-convoca-a-los-funcionarios-para-informarles-de-los-nuevos-recortes\/","title":{"rendered":"Montoro convoca a los funcionarios para informarles de los nuevos recortes"},"content":{"rendered":"<p><\/p>\n<p><p>El ministro de Hacienda convoca a la mesa de negociaci\u00f3n a los sindicatos<br \/>\nEstar\u00e1 Beteta y los sindicatos de la funci\u00f3n p\u00fablica CSI-F, CCOO y UGT.<\/p>\n<\/p>\n<p><\/p>","protected":false},"excerpt":{"rendered":"<p>El ministro de Hacienda convoca a la mesa de negociaci\u00f3n a los sindicatos<br \/>\nEstar\u00e1 Beteta y los sindicatos de la funci\u00f3n p\u00fablica CSI-F, CCOO y UGT.<\/p>\n","protected":false},"author":165,"featured_media":0,"comment_status":"closed","ping_status":"open","sticky":false,"template":"","format":"standard","meta":{"ngg_post_thumbnail":0,"_links_to":"","_links_to_target":""},"categories":[1],"tags":[],"_links":{"self":[{"href":"https:\/\/csif.umh.es\/ca\/wp-json\/wp\/v2\/posts\/760"}],"collection":[{"href":"https:\/\/csif.umh.es\/ca\/wp-json\/wp\/v2\/posts"}],"about":[{"href":"https:\/\/csif.umh.es\/ca\/wp-json\/wp\/v2\/types\/post"}],"author":[{"embeddable":true,"href":"https:\/\/csif.umh.es\/ca\/wp-json\/wp\/v2\/users\/165"}],"replies":[{"embeddable":true,"href":"https:\/\/csif.umh.es\/ca\/wp-json\/wp\/v2\/comments?post=760"}],"version-history":[{"count":0,"href":"https:\/\/csif.umh.es\/ca\/wp-json\/wp\/v2\/posts\/760\/revisions"}],"wp:attachment":[{"href":"https:\/\/csif.umh.es\/ca\/wp-json\/wp\/v2\/media?parent=760"}],"wp:term":[{"taxonomy":"category","embeddable":true,"href":"https:\/\/csif.umh.es\/ca\/wp-json\/wp\/v2\/categories?post=760"},{"taxonomy":"post_tag","embeddable":true,"href":"https:\/\/csif.umh.es\/ca\/wp-json\/wp\/v2\/tags?post=760"}],"curies":[{"name":"wp","href":"https:\/\/api.w.org\/{rel}","templated":true}]}}