{"id":754,"date":"2012-07-10T17:43:43","date_gmt":"2012-07-10T17:43:43","guid":{"rendered":"http:\/\/csif.umh.es\/2012\/07\/10\/boletin-semanal-de-empleo-publico-del-10-al-16-7-2012\/"},"modified":"2012-07-10T17:45:04","modified_gmt":"2012-07-10T17:45:04","slug":"boletin-semanal-de-empleo-publico-del-10-al-16-7-2012","status":"publish","type":"post","link":"https:\/\/csif.umh.es\/ca\/2012\/07\/10\/boletin-semanal-de-empleo-publico-del-10-al-16-7-2012\/","title":{"rendered":"Bolet\u00edn semanal de Empleo p\u00fablico, del 10 al 16.7.2012"},"content":{"rendered":"<p><\/p>\n<p><a href=\"https:\/\/csif.umh.es\/files\/2012\/07\/empleo-publico_tn_0.jpg\"><img loading=\"lazy\" src=\"https:\/\/csif.umh.es\/files\/2012\/07\/empleo-publico_tn_0.jpg\" alt=\"\" title=\"Empleo P\u00fablico\" width=\"150\" height=\"113\" class=\"alignleft size-full wp-image-753\" \/><\/a><\/p>\n<p>Mar, 10\/07\/2012<\/p>\n<p>Esta publicaci\u00f3n contiene informaci\u00f3n relativa a las convocatorias de empleo p\u00fablico de la Administraci\u00f3n General del Estado, de las Comunidades Aut\u00f3nomas, de la Uni\u00f3n Europea, de Organismos Internacionales y, de la Administraci\u00f3n Local, los anuncios que se hayan insertado en el Bolet\u00edn Oficial del Estado (BOE), correspondientes a los Ayuntamientos de las capitales de provincia, los Ayuntamientos de m\u00e1s de 100.000 habitantes y de todos aquellos que convoquen al menos 3 plazas.<br \/>\nLeer adjunto. <\/p>\n<p><\/p>","protected":false},"excerpt":{"rendered":"<p>Mar, 10\/07\/2012<br \/>\nEsta publicaci\u00f3n contiene informaci\u00f3n relativa a las convocatorias de empleo p\u00fablico de la Administraci\u00f3n General del Estado, de las Comunidades Aut\u00f3nomas, de la Uni\u00f3n Europea, de Organismos Internacionales y, de la Administraci\u00f3n Local, los anuncios que se hayan insertado en el Bolet\u00edn Oficial del Estado (BOE), correspondientes a los Ayuntamientos de las capitales de [&#8230;]<\/p>\n","protected":false},"author":165,"featured_media":0,"comment_status":"closed","ping_status":"open","sticky":false,"template":"","format":"standard","meta":{"ngg_post_thumbnail":0,"_links_to":"","_links_to_target":""},"categories":[1],"tags":[],"_links":{"self":[{"href":"https:\/\/csif.umh.es\/ca\/wp-json\/wp\/v2\/posts\/754"}],"collection":[{"href":"https:\/\/csif.umh.es\/ca\/wp-json\/wp\/v2\/posts"}],"about":[{"href":"https:\/\/csif.umh.es\/ca\/wp-json\/wp\/v2\/types\/post"}],"author":[{"embeddable":true,"href":"https:\/\/csif.umh.es\/ca\/wp-json\/wp\/v2\/users\/165"}],"replies":[{"embeddable":true,"href":"https:\/\/csif.umh.es\/ca\/wp-json\/wp\/v2\/comments?post=754"}],"version-history":[{"count":0,"href":"https:\/\/csif.umh.es\/ca\/wp-json\/wp\/v2\/posts\/754\/revisions"}],"wp:attachment":[{"href":"https:\/\/csif.umh.es\/ca\/wp-json\/wp\/v2\/media?parent=754"}],"wp:term":[{"taxonomy":"category","embeddable":true,"href":"https:\/\/csif.umh.es\/ca\/wp-json\/wp\/v2\/categories?post=754"},{"taxonomy":"post_tag","embeddable":true,"href":"https:\/\/csif.umh.es\/ca\/wp-json\/wp\/v2\/tags?post=754"}],"curies":[{"name":"wp","href":"https:\/\/api.w.org\/{rel}","templated":true}]}}