{"id":710,"date":"2012-07-06T21:33:24","date_gmt":"2012-07-06T21:33:24","guid":{"rendered":"http:\/\/csif.umh.es\/2012\/07\/06\/%c2%bfsupresion-de-una-paga-extra-a-los-funcionarios-para-este-ano\/"},"modified":"2012-07-06T21:38:18","modified_gmt":"2012-07-06T21:38:18","slug":"%c2%bfsupresion-de-una-paga-extra-a-los-funcionarios-para-este-ano","status":"publish","type":"post","link":"https:\/\/csif.umh.es\/ca\/2012\/07\/06\/%c2%bfsupresion-de-una-paga-extra-a-los-funcionarios-para-este-ano\/","title":{"rendered":"\u00bfSupresi\u00f3n de una paga extra a los funcionarios para este a\u00f1o?"},"content":{"rendered":"<p><\/p>\n<p><p><a href=\"https:\/\/csif.umh.es\/files\/2012\/07\/DINERO2.jpg\"><img loading=\"lazy\" src=\"https:\/\/csif.umh.es\/files\/2012\/07\/DINERO2.jpg\" alt=\"\" title=\"Paga Extraordinaria\" width=\"284\" height=\"155\" class=\"aligncenter size-full wp-image-709\" \/><\/a><br \/>\nVie, 06\/07\/2012<br \/>\nComo ya adelant\u00f3 elEconomista, el Gobierno eliminar\u00e1 300.000 empleos p\u00fablicos con el nuevo plan de austeridad, pero las medidas de Mariano Rajoy no van a quedarse s\u00f3lo en eso. Seg\u00fan publican varios medios, el Ejecutivo estar\u00eda barajando la posibilidad de retirar una de las dos pagas extra que reciben los funcionarios. Leer m\u00e1s<\/p>\n<\/p>\n<p><\/p>","protected":false},"excerpt":{"rendered":"<p>Vie, 06\/07\/2012<br \/>\nComo ya adelant\u00f3 elEconomista, el Gobierno eliminar\u00e1 300.000 empleos p\u00fablicos con el nuevo plan de austeridad, pero las medidas de Mariano Rajoy no van a quedarse s\u00f3lo en eso. Seg\u00fan publican varios medios, el Ejecutivo estar\u00eda barajando la posibilidad de retirar una de las dos pagas extra que reciben los funcionarios. Leer m\u00e1s<\/p>\n","protected":false},"author":165,"featured_media":0,"comment_status":"closed","ping_status":"open","sticky":false,"template":"","format":"standard","meta":{"ngg_post_thumbnail":0,"_links_to":"","_links_to_target":""},"categories":[1],"tags":[],"_links":{"self":[{"href":"https:\/\/csif.umh.es\/ca\/wp-json\/wp\/v2\/posts\/710"}],"collection":[{"href":"https:\/\/csif.umh.es\/ca\/wp-json\/wp\/v2\/posts"}],"about":[{"href":"https:\/\/csif.umh.es\/ca\/wp-json\/wp\/v2\/types\/post"}],"author":[{"embeddable":true,"href":"https:\/\/csif.umh.es\/ca\/wp-json\/wp\/v2\/users\/165"}],"replies":[{"embeddable":true,"href":"https:\/\/csif.umh.es\/ca\/wp-json\/wp\/v2\/comments?post=710"}],"version-history":[{"count":0,"href":"https:\/\/csif.umh.es\/ca\/wp-json\/wp\/v2\/posts\/710\/revisions"}],"wp:attachment":[{"href":"https:\/\/csif.umh.es\/ca\/wp-json\/wp\/v2\/media?parent=710"}],"wp:term":[{"taxonomy":"category","embeddable":true,"href":"https:\/\/csif.umh.es\/ca\/wp-json\/wp\/v2\/categories?post=710"},{"taxonomy":"post_tag","embeddable":true,"href":"https:\/\/csif.umh.es\/ca\/wp-json\/wp\/v2\/tags?post=710"}],"curies":[{"name":"wp","href":"https:\/\/api.w.org\/{rel}","templated":true}]}}