{"id":672,"date":"2012-07-03T11:40:52","date_gmt":"2012-07-03T11:40:52","guid":{"rendered":"http:\/\/csif.umh.es\/2012\/07\/03\/csi-f-afirma-que-la-reforma-educativa-no-prosperara-sin-un-profesorado-motivado-y-reconocido-socialmente\/"},"modified":"2012-07-03T11:44:53","modified_gmt":"2012-07-03T11:44:53","slug":"csi-f-afirma-que-la-reforma-educativa-no-prosperara-sin-un-profesorado-motivado-y-reconocido-socialmente","status":"publish","type":"post","link":"https:\/\/csif.umh.es\/ca\/2012\/07\/03\/csi-f-afirma-que-la-reforma-educativa-no-prosperara-sin-un-profesorado-motivado-y-reconocido-socialmente\/","title":{"rendered":"CSI-F afirma que la reforma educativa no prosperar\u00e1 sin un profesorado motivado y reconocido socialmente"},"content":{"rendered":"<p><\/p>\n<p><p><a href=\"https:\/\/csif.umh.es\/files\/2012\/07\/20120702_185224.jpg\"><img loading=\"lazy\" src=\"https:\/\/csif.umh.es\/files\/2012\/07\/20120702_185224.jpg\" alt=\"\" title=\"Notica CSI.F\" width=\"400\" height=\"300\" class=\"alignleft size-full wp-image-671\" srcset=\"https:\/\/csif.umh.es\/files\/2012\/07\/20120702_185224.jpg 400w, https:\/\/csif.umh.es\/files\/2012\/07\/20120702_185224-300x225.jpg 300w\" sizes=\"(max-width: 400px) 100vw, 400px\" \/><\/a><br \/>\nMar, 03\/07\/2012<br \/>\nLa Central Sindical Independiente y de Funcionarios (CSI-F) reclam\u00f3 en el d\u00eda de ayer al ministro de Educaci\u00f3n la apertura inmediata de la Mesa de Negociaci\u00f3n para discutir las condiciones laborales y profesionales del personal docente, de manera paralela a la reforma educativa. A juicio de CSI-F, esta reforma no prosperar\u00e1 sin un profesorado motivado y reconocido socialmente.<\/p>\n<\/p>\n<p><\/p>","protected":false},"excerpt":{"rendered":"<p>Mar, 03\/07\/2012<br \/>\nLa Central Sindical Independiente y de Funcionarios (CSI-F) reclam\u00f3 en el d\u00eda de ayer al ministro de Educaci\u00f3n la apertura inmediata de la Mesa de Negociaci\u00f3n para discutir las condiciones laborales y profesionales del personal docente, de manera paralela a la reforma educativa. A juicio de CSI-F, esta reforma no prosperar\u00e1 sin un profesorado [&#8230;]<\/p>\n","protected":false},"author":165,"featured_media":0,"comment_status":"closed","ping_status":"open","sticky":false,"template":"","format":"standard","meta":{"ngg_post_thumbnail":0,"_links_to":"","_links_to_target":""},"categories":[1],"tags":[],"_links":{"self":[{"href":"https:\/\/csif.umh.es\/ca\/wp-json\/wp\/v2\/posts\/672"}],"collection":[{"href":"https:\/\/csif.umh.es\/ca\/wp-json\/wp\/v2\/posts"}],"about":[{"href":"https:\/\/csif.umh.es\/ca\/wp-json\/wp\/v2\/types\/post"}],"author":[{"embeddable":true,"href":"https:\/\/csif.umh.es\/ca\/wp-json\/wp\/v2\/users\/165"}],"replies":[{"embeddable":true,"href":"https:\/\/csif.umh.es\/ca\/wp-json\/wp\/v2\/comments?post=672"}],"version-history":[{"count":0,"href":"https:\/\/csif.umh.es\/ca\/wp-json\/wp\/v2\/posts\/672\/revisions"}],"wp:attachment":[{"href":"https:\/\/csif.umh.es\/ca\/wp-json\/wp\/v2\/media?parent=672"}],"wp:term":[{"taxonomy":"category","embeddable":true,"href":"https:\/\/csif.umh.es\/ca\/wp-json\/wp\/v2\/categories?post=672"},{"taxonomy":"post_tag","embeddable":true,"href":"https:\/\/csif.umh.es\/ca\/wp-json\/wp\/v2\/tags?post=672"}],"curies":[{"name":"wp","href":"https:\/\/api.w.org\/{rel}","templated":true}]}}