{"id":5708,"date":"2025-02-14T10:36:48","date_gmt":"2025-02-14T09:36:48","guid":{"rendered":"https:\/\/csif.umh.es\/?p=5708"},"modified":"2025-02-14T10:36:48","modified_gmt":"2025-02-14T09:36:48","slug":"protesta-de-csif-en-toda-espana-en-defensa-de-muface-y-la-mejora-de-condiciones-laborales-de-los-empleados-publicos","status":"publish","type":"post","link":"https:\/\/csif.umh.es\/ca\/2025\/02\/14\/protesta-de-csif-en-toda-espana-en-defensa-de-muface-y-la-mejora-de-condiciones-laborales-de-los-empleados-publicos\/","title":{"rendered":"<span lang=\"es\">(Espa\u00f1ol) Protesta de CSIF en toda Espa\u00f1a en defensa de Muface y la mejora de condiciones laborales de los Empleados P\u00fablicos<\/span>"},"content":{"rendered":"<p class=\"qtranxs-available-languages-message qtranxs-available-languages-message-ca\">Ho sentim, aquesta entrada es troba disponible \u00fanicament en <a href=\"https:\/\/csif.umh.es\/es\/wp-json\/wp\/v2\/posts\/5708\" class=\"qtranxs-available-language-link qtranxs-available-language-link-es\" title=\"Espa\u00f1ol\">Espanyol Europeu<\/a>.<\/p>","protected":false},"excerpt":{"rendered":"<p>Ho sentim, aquesta entrada es troba disponible \u00fanicament en Espanyol Europeu.<\/p>\n","protected":false},"author":165,"featured_media":0,"comment_status":"closed","ping_status":"open","sticky":false,"template":"","format":"standard","meta":{"ngg_post_thumbnail":0,"_links_to":"","_links_to_target":""},"categories":[1],"tags":[],"_links":{"self":[{"href":"https:\/\/csif.umh.es\/ca\/wp-json\/wp\/v2\/posts\/5708"}],"collection":[{"href":"https:\/\/csif.umh.es\/ca\/wp-json\/wp\/v2\/posts"}],"about":[{"href":"https:\/\/csif.umh.es\/ca\/wp-json\/wp\/v2\/types\/post"}],"author":[{"embeddable":true,"href":"https:\/\/csif.umh.es\/ca\/wp-json\/wp\/v2\/users\/165"}],"replies":[{"embeddable":true,"href":"https:\/\/csif.umh.es\/ca\/wp-json\/wp\/v2\/comments?post=5708"}],"version-history":[{"count":0,"href":"https:\/\/csif.umh.es\/ca\/wp-json\/wp\/v2\/posts\/5708\/revisions"}],"wp:attachment":[{"href":"https:\/\/csif.umh.es\/ca\/wp-json\/wp\/v2\/media?parent=5708"}],"wp:term":[{"taxonomy":"category","embeddable":true,"href":"https:\/\/csif.umh.es\/ca\/wp-json\/wp\/v2\/categories?post=5708"},{"taxonomy":"post_tag","embeddable":true,"href":"https:\/\/csif.umh.es\/ca\/wp-json\/wp\/v2\/tags?post=5708"}],"curies":[{"name":"wp","href":"https:\/\/api.w.org\/{rel}","templated":true}]}}