{"id":5591,"date":"2024-11-24T23:16:12","date_gmt":"2024-11-24T22:16:12","guid":{"rendered":"https:\/\/csif.umh.es\/?p=5591"},"modified":"2024-11-24T23:17:44","modified_gmt":"2024-11-24T22:17:44","slug":"manifiesto-25-n-dia-internacional-de-la-eliminacion-de-la-violencia-contra-la-mujer-3","status":"publish","type":"post","link":"https:\/\/csif.umh.es\/ca\/2024\/11\/24\/manifiesto-25-n-dia-internacional-de-la-eliminacion-de-la-violencia-contra-la-mujer-3\/","title":{"rendered":"<span lang=\"es\">(Espa\u00f1ol) MANIFIESTO 25-N. D\u00eda Internacional de la Eliminaci\u00f3n de la Violencia contra la Mujer<\/span>"},"content":{"rendered":"<p class=\"qtranxs-available-languages-message qtranxs-available-languages-message-ca\">Ho sentim, aquesta entrada es troba disponible \u00fanicament en <a href=\"https:\/\/csif.umh.es\/es\/wp-json\/wp\/v2\/posts\/5591\" class=\"qtranxs-available-language-link qtranxs-available-language-link-es\" title=\"Espa\u00f1ol\">Espanyol Europeu<\/a>.<\/p>","protected":false},"excerpt":{"rendered":"<p>Ho sentim, aquesta entrada es troba disponible \u00fanicament en Espanyol Europeu.<\/p>\n","protected":false},"author":165,"featured_media":0,"comment_status":"closed","ping_status":"open","sticky":false,"template":"","format":"standard","meta":{"ngg_post_thumbnail":0,"_links_to":"","_links_to_target":""},"categories":[1],"tags":[],"_links":{"self":[{"href":"https:\/\/csif.umh.es\/ca\/wp-json\/wp\/v2\/posts\/5591"}],"collection":[{"href":"https:\/\/csif.umh.es\/ca\/wp-json\/wp\/v2\/posts"}],"about":[{"href":"https:\/\/csif.umh.es\/ca\/wp-json\/wp\/v2\/types\/post"}],"author":[{"embeddable":true,"href":"https:\/\/csif.umh.es\/ca\/wp-json\/wp\/v2\/users\/165"}],"replies":[{"embeddable":true,"href":"https:\/\/csif.umh.es\/ca\/wp-json\/wp\/v2\/comments?post=5591"}],"version-history":[{"count":0,"href":"https:\/\/csif.umh.es\/ca\/wp-json\/wp\/v2\/posts\/5591\/revisions"}],"wp:attachment":[{"href":"https:\/\/csif.umh.es\/ca\/wp-json\/wp\/v2\/media?parent=5591"}],"wp:term":[{"taxonomy":"category","embeddable":true,"href":"https:\/\/csif.umh.es\/ca\/wp-json\/wp\/v2\/categories?post=5591"},{"taxonomy":"post_tag","embeddable":true,"href":"https:\/\/csif.umh.es\/ca\/wp-json\/wp\/v2\/tags?post=5591"}],"curies":[{"name":"wp","href":"https:\/\/api.w.org\/{rel}","templated":true}]}}