{"id":5523,"date":"2024-10-25T13:17:03","date_gmt":"2024-10-25T11:17:03","guid":{"rendered":"https:\/\/csif.umh.es\/?p=5523"},"modified":"2024-10-25T13:17:03","modified_gmt":"2024-10-25T11:17:03","slug":"csif-pide-a-las-comunidades-autonomas-adaptar-ya-sus-sistemas-de-evaluacion-del-pdi-laboral-a-la-losu","status":"publish","type":"post","link":"https:\/\/csif.umh.es\/ca\/2024\/10\/25\/csif-pide-a-las-comunidades-autonomas-adaptar-ya-sus-sistemas-de-evaluacion-del-pdi-laboral-a-la-losu\/","title":{"rendered":"<span lang=\"es\">(Espa\u00f1ol) CSIF pide a las Comunidades Aut\u00f3nomas adaptar ya sus sistemas de evaluaci\u00f3n del PDI laboral a la LOSU<\/span>"},"content":{"rendered":"<p class=\"qtranxs-available-languages-message qtranxs-available-languages-message-ca\">Ho sentim, aquesta entrada es troba disponible \u00fanicament en <a href=\"https:\/\/csif.umh.es\/es\/wp-json\/wp\/v2\/posts\/5523\" class=\"qtranxs-available-language-link qtranxs-available-language-link-es\" title=\"Espa\u00f1ol\">Espanyol Europeu<\/a>.<\/p>","protected":false},"excerpt":{"rendered":"<p>Ho sentim, aquesta entrada es troba disponible \u00fanicament en Espanyol Europeu.<\/p>\n","protected":false},"author":165,"featured_media":0,"comment_status":"closed","ping_status":"open","sticky":false,"template":"","format":"standard","meta":{"ngg_post_thumbnail":0,"_links_to":"","_links_to_target":""},"categories":[1],"tags":[],"_links":{"self":[{"href":"https:\/\/csif.umh.es\/ca\/wp-json\/wp\/v2\/posts\/5523"}],"collection":[{"href":"https:\/\/csif.umh.es\/ca\/wp-json\/wp\/v2\/posts"}],"about":[{"href":"https:\/\/csif.umh.es\/ca\/wp-json\/wp\/v2\/types\/post"}],"author":[{"embeddable":true,"href":"https:\/\/csif.umh.es\/ca\/wp-json\/wp\/v2\/users\/165"}],"replies":[{"embeddable":true,"href":"https:\/\/csif.umh.es\/ca\/wp-json\/wp\/v2\/comments?post=5523"}],"version-history":[{"count":0,"href":"https:\/\/csif.umh.es\/ca\/wp-json\/wp\/v2\/posts\/5523\/revisions"}],"wp:attachment":[{"href":"https:\/\/csif.umh.es\/ca\/wp-json\/wp\/v2\/media?parent=5523"}],"wp:term":[{"taxonomy":"category","embeddable":true,"href":"https:\/\/csif.umh.es\/ca\/wp-json\/wp\/v2\/categories?post=5523"},{"taxonomy":"post_tag","embeddable":true,"href":"https:\/\/csif.umh.es\/ca\/wp-json\/wp\/v2\/tags?post=5523"}],"curies":[{"name":"wp","href":"https:\/\/api.w.org\/{rel}","templated":true}]}}